{"id":39917,"date":"2018-09-10T17:17:35","date_gmt":"2018-09-10T20:17:35","guid":{"rendered":"https:\/\/eldiariodesanpedro.com.ar\/sitio\/?p=39917"},"modified":"2018-09-10T17:18:35","modified_gmt":"2018-09-10T20:18:35","slug":"hallan-restos-fosiles-de-un-pez-con-escudos-dermicos","status":"publish","type":"post","link":"https:\/\/eldiariodesanpedro.com.ar\/sitio\/hallan-restos-fosiles-de-un-pez-con-escudos-dermicos\/","title":{"rendered":"Hallan restos f\u00f3siles de un pez con escudos d\u00e9rmicos"},"content":{"rendered":"<p><!-- VideographyWP Plugin Message: Automatic video embedding prevented by plugin options. --><br \/>\nEl descubrimiento comenz\u00f3 en una recorrida habitual del equipo del Museo Paleontol\u00f3gico de San Pedro, cuando dos integrantes del grupo observaron un importante n\u00famero de peque\u00f1os y delgados fragmentos que, a primera vista, parec\u00edan el caparaz\u00f3n roto de un caracol. Sin embargo, al prestar atenci\u00f3n a las peque\u00f1as y delicadas piezas, Jos\u00e9 Luis Aguilar y Julio Simonini comprendieron que eso era otra cosa.<br \/>\nAlgo diferente hab\u00eda aparecido en ese sector de Campo Sp\u00f3sito, un predio ubicado en la zona conocida como Bajo del Tala, a 170 kil\u00f3metros de Buenos Aires.<\/p>\n<p>UN PEZ CON \u201cESCUDOS\u201d EN LA PIEL<\/p>\n<p><img decoding=\"async\" data-attachment-id=\"39918\" data-permalink=\"https:\/\/eldiariodesanpedro.com.ar\/sitio\/hallan-restos-fosiles-de-un-pez-con-escudos-dermicos\/fosil-1\/\" data-orig-file=\"https:\/\/eldiariodesanpedro.com.ar\/sitio\/wp-content\/uploads\/2018\/09\/FOSIL-1.jpg\" data-orig-size=\"933,782\" data-comments-opened=\"1\" data-image-meta=\"{&quot;aperture&quot;:&quot;14&quot;,&quot;credit&quot;:&quot;&quot;,&quot;camera&quot;:&quot;NIKON D500&quot;,&quot;caption&quot;:&quot;&quot;,&quot;created_timestamp&quot;:&quot;1473521556&quot;,&quot;copyright&quot;:&quot;&quot;,&quot;focal_length&quot;:&quot;60&quot;,&quot;iso&quot;:&quot;5000&quot;,&quot;shutter_speed&quot;:&quot;0.0125&quot;,&quot;title&quot;:&quot;&quot;,&quot;orientation&quot;:&quot;1&quot;}\" data-image-title=\"FOSIL 1\" data-image-description=\"\" data-image-caption=\"\" data-large-file=\"https:\/\/eldiariodesanpedro.com.ar\/sitio\/wp-content\/uploads\/2018\/09\/FOSIL-1.jpg\" data-src=\"https:\/\/eldiariodesanpedro.com.ar\/sitio\/wp-content\/uploads\/2018\/09\/FOSIL-1.jpg\" alt=\"\" width=\"933\" height=\"782\" class=\"alignnone size-full wp-image-39918 lazyload\" data-srcset=\"https:\/\/eldiariodesanpedro.com.ar\/sitio\/wp-content\/uploads\/2018\/09\/FOSIL-1.jpg 933w, https:\/\/eldiariodesanpedro.com.ar\/sitio\/wp-content\/uploads\/2018\/09\/FOSIL-1-300x251.jpg 300w, https:\/\/eldiariodesanpedro.com.ar\/sitio\/wp-content\/uploads\/2018\/09\/FOSIL-1-768x644.jpg 768w\" data-sizes=\"(max-width: 933px) 100vw, 933px\" src=\"data:image\/svg+xml;base64,PHN2ZyB3aWR0aD0iMSIgaGVpZ2h0PSIxIiB4bWxucz0iaHR0cDovL3d3dy53My5vcmcvMjAwMC9zdmciPjwvc3ZnPg==\" style=\"--smush-placeholder-width: 933px; --smush-placeholder-aspect-ratio: 933\/782;\" \/><\/p>\n<p>Al comenzar la recuperaci\u00f3n del ejemplar, comprendieron que estaban ante los restos de un pez acorazado que se hab\u00eda preservado en sedimentos posiblemente lagunares depositados a finales de la Edad Lujanense, por lo que su antig\u00fcedad se estima superior a los 10.000 a\u00f1os.<\/p>\n<p>Conjunto de escudetes, radios y v\u00e9rtebras hallados en Campo Sp\u00f3sito, partido de San Pedro<br \/>\nEn una cuidadosa y paciente tarea, los integrantes del Museo lograron obtener unas 40 placas \u00f3seas, espinas pectorales, v\u00e9rtebras y algunos radios osificados de las aletas dorsales; adem\u00e1s de lograr recuperar la cola del animal totalmente articulada, es decir, armada en posici\u00f3n de vida.<br \/>\nSi bien la forma y el tama\u00f1o de las diminutas plaquetas o escudetes, presentan ciertas variaciones, en su mayor\u00eda son de aspecto rectangular, c\u00f3ncavo y de unos 6 a 11 mm por lado. Su espesor no es superior a 1 mm y, si bien son peque\u00f1as, poseen una resistencia importante. Todo el cuerpo del animal estaba cubierto por este sistema de \u201cescudos\u201d que proteg\u00edan al pez del ataque de los depredadores.<\/p>\n<p>Las v\u00e9rtebras recuperadas son bastante cuadradas y extremadamente planas para optimizar los movimientos en el agua. El equipo del Museo tambi\u00e9n recuper\u00f3 algunos radios osificados que formaban parte de las aletas dorsales, pectorales y caudales y permit\u00edan al pez extender dichas aletas para lograr, as\u00ed, conducirse en el flujo de agua con total manejo de sus movimientos.<\/p>\n<p>QUI\u00c9N ERA ESTE PEZ<br \/>\nEl pez hallado pertenece a la familia de los loric\u00e1ridos, del lat\u00edn lorica, que significa \u201ccuero\u201d y que alude a las armaduras utilizadas en la antigua romana. Son un grupo de bagres cuyos cuerpos est\u00e1n provistos de importantes medidas defensivas: placas, p\u00faas y aletas osificadas. En nuestro pa\u00eds se los conoce popularmente como \u201cviejitas del agua\u201d, entre otros nombres comunes y son animales de aspecto poco vistoso. Su boca est\u00e1 adaptada para succionar y rascar los fondos rocosos en busca de vegetaci\u00f3n acu\u00e1tica de la cual se alimenta. <\/p>\n<p>HISTORIA E IMPORTANCIA DE UN HALLAZGO<br \/>\nLos restos f\u00f3siles de estos peces son extremadamente raros y se reducen a un peque\u00f1o n\u00famero piezas en todo el pa\u00eds. De hecho exist\u00edan, hasta hoy, s\u00f3lo tres antecedentes de hallazgos similares.<\/p>\n<p>Fue Florentino Ameghino quien, en 1898, cit\u00f3 por primera vez, restos f\u00f3siles de loric\u00e1ridos en sedimentos del Pleistoceno de la regi\u00f3n pampeana.<br \/>\nLa segunda aparici\u00f3n de restos asociados a esta familia correspondi\u00f3 a un hallazgo en 2008, en Salto, tambi\u00e9n en provincia de Buenos Aires, y fue publicado por los investigadores Bogan, Reyes, Toledo y Ram\u00edrez.<br \/>\nLa tercera aparici\u00f3n de f\u00f3siles de esta familia se dio en sedimentos pleistocenos a orillas del r\u00edo Salado, en provincia de Santa Fe y fueron identificados y publicados por la Dra. Evelyn Vallone y otros autores en 2017. <\/p>\n<p>El f\u00f3sil descubierto en San Pedro, es el cuarto ejemplar hallado para la ciencia en sedimentos correspondientes al final del Cuaternario de Argentina y el \u00fanico que presenta una fracci\u00f3n del animal articulada en \u201cposici\u00f3n de vida\u201d, ya que se pudo recuperar el tramo final del cuerpo del animal con sus plaquetas, v\u00e9rtebras y radios de su aleta caudal totalmente completos y ensamblados entre s\u00ed.<br \/>\nEste f\u00f3sil representa una valiosa oportunidad para ampliar el conocimiento de estos peces ya que, de los hallazgos anteriores, el citado por Ameghino nunca fue ubicado en las colecciones y su existencia es incierta. <\/p>\n<p>OPINI\u00d3N DE UNA ESPECIALISTA<br \/>\nLa Dra. Evelyn Vallone, del Centro de Investigaciones Cient\u00edficas y Transferencia de Tecnolog\u00eda a la Producci\u00f3n (CICyTTP-CONICET) comenta que \u201cestos peces, del orden Siluriforrnes, que se incluyen en la familia Loricariidae, se distribuyen desde Costa Rica y Panam\u00e1 hasta Argentina (L\u00f3pez y Miquelarena, 1991). Dicha familia incluye alrededor de 96 g\u00e9neros y 716 especies (Ferraris, 2007) y son peces carentes de escamas que presentan su cuerpo recubierto por numerosas placas \u00f3seas, as\u00ed como con gran cantidad de odontodes (dent\u00edculos), distribuidos inclusive en los radios de las aletas. Su boca se dispone ventralmente conformando con los labios una especie de disco.<\/p>\n<p><img decoding=\"async\" data-attachment-id=\"39919\" data-permalink=\"https:\/\/eldiariodesanpedro.com.ar\/sitio\/hallan-restos-fosiles-de-un-pez-con-escudos-dermicos\/grafico\/\" data-orig-file=\"https:\/\/eldiariodesanpedro.com.ar\/sitio\/wp-content\/uploads\/2018\/09\/GR\u00c1FICO.jpg\" data-orig-size=\"629,295\" data-comments-opened=\"1\" data-image-meta=\"{&quot;aperture&quot;:&quot;0&quot;,&quot;credit&quot;:&quot;&quot;,&quot;camera&quot;:&quot;&quot;,&quot;caption&quot;:&quot;&quot;,&quot;created_timestamp&quot;:&quot;0&quot;,&quot;copyright&quot;:&quot;&quot;,&quot;focal_length&quot;:&quot;0&quot;,&quot;iso&quot;:&quot;0&quot;,&quot;shutter_speed&quot;:&quot;0&quot;,&quot;title&quot;:&quot;&quot;,&quot;orientation&quot;:&quot;0&quot;}\" data-image-title=\"GR\u00c1FICO\" data-image-description=\"\" data-image-caption=\"\" data-large-file=\"https:\/\/eldiariodesanpedro.com.ar\/sitio\/wp-content\/uploads\/2018\/09\/GR\u00c1FICO.jpg\" data-src=\"https:\/\/eldiariodesanpedro.com.ar\/sitio\/wp-content\/uploads\/2018\/09\/GR\u00c1FICO.jpg\" alt=\"\" width=\"629\" height=\"295\" class=\"alignnone size-full wp-image-39919 lazyload\" data-srcset=\"https:\/\/eldiariodesanpedro.com.ar\/sitio\/wp-content\/uploads\/2018\/09\/GR\u00c1FICO.jpg 629w, https:\/\/eldiariodesanpedro.com.ar\/sitio\/wp-content\/uploads\/2018\/09\/GR\u00c1FICO-300x141.jpg 300w\" data-sizes=\"(max-width: 629px) 100vw, 629px\" src=\"data:image\/svg+xml;base64,PHN2ZyB3aWR0aD0iMSIgaGVpZ2h0PSIxIiB4bWxucz0iaHR0cDovL3d3dy53My5vcmcvMjAwMC9zdmciPjwvc3ZnPg==\" style=\"--smush-placeholder-width: 629px; --smush-placeholder-aspect-ratio: 629\/295;\" \/><\/p>\n<p>A pesar de la gran diversidad mostrada por las formas existentes en la actualidad, los registros de loric\u00e1ridos f\u00f3siles son extremadamente raros\u201d. <\/p>\n","protected":false},"excerpt":{"rendered":"<p>El descubrimiento comenz\u00f3 en una recorrida habitual del equipo del Museo Paleontol\u00f3gico de San Pedro, cuando dos integrantes del grupo observaron un importante n\u00famero de peque\u00f1os y delgados fragmentos que, a primera vista, parec\u00edan el caparaz\u00f3n roto de un caracol. Sin embargo, al prestar atenci\u00f3n a las peque\u00f1as y delicadas piezas, Jos\u00e9 Luis Aguilar y [&hellip;]<\/p>\n","protected":false},"author":4,"featured_media":39918,"comment_status":"open","ping_status":"closed","sticky":false,"template":"","format":"standard","meta":{"om_disable_all_campaigns":false,"_jetpack_memberships_contains_paid_content":false,"footnotes":""},"categories":[101,2],"tags":[],"class_list":["post-39917","post","type-post","status-publish","format-standard","has-post-thumbnail","hentry","category-interes-general-locales","category-locales"],"aioseo_notices":[],"gutentor_comment":0,"jetpack_featured_media_url":"https:\/\/eldiariodesanpedro.com.ar\/sitio\/wp-content\/uploads\/2018\/09\/FOSIL-1.jpg","jetpack_shortlink":"https:\/\/wp.me\/p6RhLt-anP","jetpack_sharing_enabled":true,"_links":{"self":[{"href":"https:\/\/eldiariodesanpedro.com.ar\/sitio\/wp-json\/wp\/v2\/posts\/39917","targetHints":{"allow":["GET"]}}],"collection":[{"href":"https:\/\/eldiariodesanpedro.com.ar\/sitio\/wp-json\/wp\/v2\/posts"}],"about":[{"href":"https:\/\/eldiariodesanpedro.com.ar\/sitio\/wp-json\/wp\/v2\/types\/post"}],"author":[{"embeddable":true,"href":"https:\/\/eldiariodesanpedro.com.ar\/sitio\/wp-json\/wp\/v2\/users\/4"}],"replies":[{"embeddable":true,"href":"https:\/\/eldiariodesanpedro.com.ar\/sitio\/wp-json\/wp\/v2\/comments?post=39917"}],"version-history":[{"count":2,"href":"https:\/\/eldiariodesanpedro.com.ar\/sitio\/wp-json\/wp\/v2\/posts\/39917\/revisions"}],"predecessor-version":[{"id":39921,"href":"https:\/\/eldiariodesanpedro.com.ar\/sitio\/wp-json\/wp\/v2\/posts\/39917\/revisions\/39921"}],"wp:featuredmedia":[{"embeddable":true,"href":"https:\/\/eldiariodesanpedro.com.ar\/sitio\/wp-json\/wp\/v2\/media\/39918"}],"wp:attachment":[{"href":"https:\/\/eldiariodesanpedro.com.ar\/sitio\/wp-json\/wp\/v2\/media?parent=39917"}],"wp:term":[{"taxonomy":"category","embeddable":true,"href":"https:\/\/eldiariodesanpedro.com.ar\/sitio\/wp-json\/wp\/v2\/categories?post=39917"},{"taxonomy":"post_tag","embeddable":true,"href":"https:\/\/eldiariodesanpedro.com.ar\/sitio\/wp-json\/wp\/v2\/tags?post=39917"}],"curies":[{"name":"wp","href":"https:\/\/api.w.org\/{rel}","templated":true}]}}