{"id":39914,"date":"2018-09-10T17:06:42","date_gmt":"2018-09-10T20:06:42","guid":{"rendered":"https:\/\/eldiariodesanpedro.com.ar\/sitio\/?p=39914"},"modified":"2018-09-10T17:06:42","modified_gmt":"2018-09-10T20:06:42","slug":"feria-de-primavera-de-frutos-de-la-tierra-y-el-rio","status":"publish","type":"post","link":"https:\/\/eldiariodesanpedro.com.ar\/sitio\/feria-de-primavera-de-frutos-de-la-tierra-y-el-rio\/","title":{"rendered":"Feria de primavera de \u201cFrutos de la tierra y el r\u00edo\u201d"},"content":{"rendered":"<p><!-- VideographyWP Plugin Message: Automatic video embedding prevented by plugin options. --><br \/>\nAnticipando unos d\u00edas la llegada de la estaci\u00f3n m\u00e1s linda del a\u00f1o, a pura propuesta multicolor, llega la cuarta edici\u00f3n del a\u00f1o de \u201cFrutos de la tierra y el r\u00edo\u201d. Esta vez ser\u00e1 feria, arte y ciencia.<\/p>\n<p>Cuando los d\u00edas m\u00e1s c\u00e1lidos alientan a salir del encierro, a preparar la huerta, a consumir hortalizas, disfrutar dulces y organizar el jard\u00edn, \u201cFrutos de la tierra y el r\u00edo\u201d llega para brindarse a la comunidad sampedrina y quienes est\u00e9n visitando la ciudad. En esta ocasi\u00f3n, incluso, se revaloriza la cercan\u00eda propuesta entre productor y consumidor, acortando distancias y generando beneficios mutuos en cuanto a precios y costos.<\/p>\n<p>Como linda excusa para sumar la visita a la feria,  traer\u00e1 su m\u00fasica Comuna 16, cuyo  esp\u00edritu solidario, festivo y provocador, vendr\u00e1 a poner un poco de alegr\u00eda y esperanza, tan necesarias. Adem\u00e1s,  estar\u00e1 la \u201cCl\u00ednica de plantas\u201d de INTA San Pedro, recibiendo consultas sobre problemas con los cultivos que cada vecino acerque frente a la plaza constituci\u00f3n.<\/p>\n<p>La ciencia en la cl\u00ednica&#8230;<br \/>\nEs un servicio que brinda el INTA San Pedro a aquellas personas que tienen un problema sanitario con sus plantas, para ayudar al diagn\u00f3stico y tratamiento. Cuando se trata de escala familiar el foco est\u00e1 puesto en el manejo preventivo como el riego o la nutrici\u00f3n de la planta, el manejo cultural como la poda, o la utilizaci\u00f3n de productos que no pongan en riesgo la salud humana.<\/p>\n<p>El servicio re\u00fane de manera colaborativa la experiencia de los profesionales del INTA San Pedro, a trav\u00e9s de la coordinaci\u00f3n y gesti\u00f3n de la Ing. Agr. Mariel Mitidieri. Ella estar\u00e1 junto al Lic. Gonzalo Segade y la Tec. Mar\u00eda Virginia Brambilla, el s\u00e1bado durante la feria Frutos de la tierra y el r\u00edo,  atendiendo a quienes lleven sus plantas o fotos con problemas para analizarlas y buscar soluciones.<\/p>\n<p>El arte con la m\u00fasica&#8230;<br \/>\nComuna 16 es una banda de rock y blues del barrio de Colegiales, en Buenos Aires. Sus letras tratan sobre problem\u00e1ticas sociales y pol\u00edticas y sobre temas cotidianos y contradicciones que nos cruzan en el d\u00eda a d\u00eda, con tono ir\u00f3nico y mucho humor.<\/p>\n<p>Est\u00e1 integrada por Hugo Corrales en guitarra, Gabriel K\u00f1allevsky en Bajo, Mart\u00edn Ameroso en Bater\u00eda, Mat\u00edas Haberfeld en voz y segunda guitarra y David Burin en saxo. Se origina a partir de la banda DeSastre integrada por padres y madres de la cooperadora de la escuela p\u00fablica Marcos Sastre y toca en eventos barriales organizados por el Circuito Cultural Marcos y en ferias de econom\u00eda social y agricultura familiar.<\/p>\n<p>Integra la Federaci\u00f3n de Cooperativas Autogestionadas de Buenos Aires. En 2016 el grupo crea la Comuna 16 y se presentan contando: \u201cHay 15 Comunas en la Ciudad de Buenos Aires, y se autonomiza del gobierno local apelando al Art. 4 de la Constituci\u00f3n de la Ciudad que impulsa a rebelarse ante el abuso de autoridad y declara la intangibilidad de su territorio de 10 m2\u201d. Comuna 16 ya estuvo en marzo de 2017 compartiendo sus sonido bajo la sombra de las Tipas de la Plaza Constituci\u00f3n e invitan a participar de su presentaci\u00f3n con este desaf\u00edo \u201csi vienen, quiz\u00e1s los nombremos ciudadanos ilustres\u201d.<\/p>\n","protected":false},"excerpt":{"rendered":"<p>Anticipando unos d\u00edas la llegada de la estaci\u00f3n m\u00e1s linda del a\u00f1o, a pura propuesta multicolor, llega la cuarta edici\u00f3n del a\u00f1o de \u201cFrutos de la tierra y el r\u00edo\u201d. Esta vez ser\u00e1 feria, arte y ciencia. Cuando los d\u00edas m\u00e1s c\u00e1lidos alientan a salir del encierro, a preparar la huerta, a consumir hortalizas, disfrutar [&hellip;]<\/p>\n","protected":false},"author":4,"featured_media":39915,"comment_status":"open","ping_status":"closed","sticky":false,"template":"","format":"standard","meta":{"om_disable_all_campaigns":false,"_jetpack_memberships_contains_paid_content":false,"footnotes":""},"categories":[101,2],"tags":[],"class_list":["post-39914","post","type-post","status-publish","format-standard","has-post-thumbnail","hentry","category-interes-general-locales","category-locales"],"aioseo_notices":[],"gutentor_comment":0,"jetpack_featured_media_url":"https:\/\/eldiariodesanpedro.com.ar\/sitio\/wp-content\/uploads\/2018\/09\/unnamed.png","jetpack_shortlink":"https:\/\/wp.me\/p6RhLt-anM","jetpack_sharing_enabled":true,"_links":{"self":[{"href":"https:\/\/eldiariodesanpedro.com.ar\/sitio\/wp-json\/wp\/v2\/posts\/39914","targetHints":{"allow":["GET"]}}],"collection":[{"href":"https:\/\/eldiariodesanpedro.com.ar\/sitio\/wp-json\/wp\/v2\/posts"}],"about":[{"href":"https:\/\/eldiariodesanpedro.com.ar\/sitio\/wp-json\/wp\/v2\/types\/post"}],"author":[{"embeddable":true,"href":"https:\/\/eldiariodesanpedro.com.ar\/sitio\/wp-json\/wp\/v2\/users\/4"}],"replies":[{"embeddable":true,"href":"https:\/\/eldiariodesanpedro.com.ar\/sitio\/wp-json\/wp\/v2\/comments?post=39914"}],"version-history":[{"count":1,"href":"https:\/\/eldiariodesanpedro.com.ar\/sitio\/wp-json\/wp\/v2\/posts\/39914\/revisions"}],"predecessor-version":[{"id":39916,"href":"https:\/\/eldiariodesanpedro.com.ar\/sitio\/wp-json\/wp\/v2\/posts\/39914\/revisions\/39916"}],"wp:featuredmedia":[{"embeddable":true,"href":"https:\/\/eldiariodesanpedro.com.ar\/sitio\/wp-json\/wp\/v2\/media\/39915"}],"wp:attachment":[{"href":"https:\/\/eldiariodesanpedro.com.ar\/sitio\/wp-json\/wp\/v2\/media?parent=39914"}],"wp:term":[{"taxonomy":"category","embeddable":true,"href":"https:\/\/eldiariodesanpedro.com.ar\/sitio\/wp-json\/wp\/v2\/categories?post=39914"},{"taxonomy":"post_tag","embeddable":true,"href":"https:\/\/eldiariodesanpedro.com.ar\/sitio\/wp-json\/wp\/v2\/tags?post=39914"}],"curies":[{"name":"wp","href":"https:\/\/api.w.org\/{rel}","templated":true}]}}