{"id":39911,"date":"2018-09-10T16:58:22","date_gmt":"2018-09-10T19:58:22","guid":{"rendered":"https:\/\/eldiariodesanpedro.com.ar\/sitio\/?p=39911"},"modified":"2018-09-10T16:58:22","modified_gmt":"2018-09-10T19:58:22","slug":"se-realizan-mejoras-en-escuelas","status":"publish","type":"post","link":"https:\/\/eldiariodesanpedro.com.ar\/sitio\/se-realizan-mejoras-en-escuelas\/","title":{"rendered":"Se realizan mejoras en escuelas"},"content":{"rendered":"<p><!-- VideographyWP Plugin Message: Automatic video embedding prevented by plugin options. --><br \/>\nLa Municipalidad de San Pedro a trav\u00e9s del Consejo Escolar informa que avanzan las tareas de mejoramiento en diferentes instituciones educativas que est\u00e1n enmarcadas en un plan constante de obras para recuperar sus condiciones ideales. En los pr\u00f3ximos d\u00edas concluir\u00e1n los trabajos en de recambio total en el techo,  instalaci\u00f3n el\u00e9ctrica, cielorraso, aberturas, y pintura del Jard\u00edn de Infantes N\u00b0 905 de Gdor. Castro. Un trabajo similar se viene cumpliendo en la Escuela 1 donde se construye un nuevo cuerpo de sanitarios y otras tareas similares en la Escuela Secundaria 8.<\/p>\n<p>La ejecuci\u00f3n de estos trabajos ha sido posible tras la firma del convenio entre la Municipalidad a trav\u00e9s del Intendente Cecilio Salazar, la Direcci\u00f3n de Cultura y Educaci\u00f3n conducida pr el Lic Gabriel S\u00e1nchez Zinny y el Consejo Escolar.<\/p>\n","protected":false},"excerpt":{"rendered":"<p>La Municipalidad de San Pedro a trav\u00e9s del Consejo Escolar informa que avanzan las tareas de mejoramiento en diferentes instituciones educativas que est\u00e1n enmarcadas en un plan constante de obras para recuperar sus condiciones ideales. En los pr\u00f3ximos d\u00edas concluir\u00e1n los trabajos en de recambio total en el techo, instalaci\u00f3n el\u00e9ctrica, cielorraso, aberturas, y pintura [&hellip;]<\/p>\n","protected":false},"author":4,"featured_media":39912,"comment_status":"open","ping_status":"closed","sticky":false,"template":"","format":"standard","meta":{"om_disable_all_campaigns":false,"_jetpack_memberships_contains_paid_content":false,"footnotes":""},"categories":[101,2],"tags":[],"class_list":["post-39911","post","type-post","status-publish","format-standard","has-post-thumbnail","hentry","category-interes-general-locales","category-locales"],"aioseo_notices":[],"gutentor_comment":0,"jetpack_featured_media_url":"https:\/\/eldiariodesanpedro.com.ar\/sitio\/wp-content\/uploads\/2018\/09\/pastedImage-1-1.png","jetpack_shortlink":"https:\/\/wp.me\/p6RhLt-anJ","jetpack_sharing_enabled":true,"_links":{"self":[{"href":"https:\/\/eldiariodesanpedro.com.ar\/sitio\/wp-json\/wp\/v2\/posts\/39911","targetHints":{"allow":["GET"]}}],"collection":[{"href":"https:\/\/eldiariodesanpedro.com.ar\/sitio\/wp-json\/wp\/v2\/posts"}],"about":[{"href":"https:\/\/eldiariodesanpedro.com.ar\/sitio\/wp-json\/wp\/v2\/types\/post"}],"author":[{"embeddable":true,"href":"https:\/\/eldiariodesanpedro.com.ar\/sitio\/wp-json\/wp\/v2\/users\/4"}],"replies":[{"embeddable":true,"href":"https:\/\/eldiariodesanpedro.com.ar\/sitio\/wp-json\/wp\/v2\/comments?post=39911"}],"version-history":[{"count":1,"href":"https:\/\/eldiariodesanpedro.com.ar\/sitio\/wp-json\/wp\/v2\/posts\/39911\/revisions"}],"predecessor-version":[{"id":39913,"href":"https:\/\/eldiariodesanpedro.com.ar\/sitio\/wp-json\/wp\/v2\/posts\/39911\/revisions\/39913"}],"wp:featuredmedia":[{"embeddable":true,"href":"https:\/\/eldiariodesanpedro.com.ar\/sitio\/wp-json\/wp\/v2\/media\/39912"}],"wp:attachment":[{"href":"https:\/\/eldiariodesanpedro.com.ar\/sitio\/wp-json\/wp\/v2\/media?parent=39911"}],"wp:term":[{"taxonomy":"category","embeddable":true,"href":"https:\/\/eldiariodesanpedro.com.ar\/sitio\/wp-json\/wp\/v2\/categories?post=39911"},{"taxonomy":"post_tag","embeddable":true,"href":"https:\/\/eldiariodesanpedro.com.ar\/sitio\/wp-json\/wp\/v2\/tags?post=39911"}],"curies":[{"name":"wp","href":"https:\/\/api.w.org\/{rel}","templated":true}]}}