{"id":39905,"date":"2018-09-10T16:47:19","date_gmt":"2018-09-10T19:47:19","guid":{"rendered":"https:\/\/eldiariodesanpedro.com.ar\/sitio\/?p=39905"},"modified":"2018-09-10T16:47:19","modified_gmt":"2018-09-10T19:47:19","slug":"comunicado-del-ejecutivo-municipal-tras-la-reunion-por-paritarias","status":"publish","type":"post","link":"https:\/\/eldiariodesanpedro.com.ar\/sitio\/comunicado-del-ejecutivo-municipal-tras-la-reunion-por-paritarias\/","title":{"rendered":"Comunicado del ejecutivo municipal tras la reuni\u00f3n por paritarias"},"content":{"rendered":"<p><!-- VideographyWP Plugin Message: Automatic video embedding prevented by plugin options. --><br \/>\nTras el comunicado emitido por los gremios municipales sobre la reuni\u00f3n llevada a cabo con los representantes del ejecutivo para tratar de llegar a un acuerdo para el aumento del salario donde los sindicatos no aceptaron el ofrecimiento la municipalidad emiti\u00f3 un comunicado. <\/p>\n<p>La Municipalidad de San Pedro informa que el d\u00eda viernes 7 de septiembre, se reabri\u00f3 la paritaria municipal con el objetivo de recomponer el salario de los trabajadores. El Gobierno Municipal entiende que es justo el reclamo de los trabajadores, y remarca que si bien se hab\u00eda acordado previamente con el Sindicato de Trabajadores Municipales y ATE un aumento del 4,5%, a partir de la pr\u00f3xima liquidaci\u00f3n, ofrece adem\u00e1s incrementar la suma por refrigerio a $1.000 mensuales y el monto por presentismo a $800 por el mismo per\u00edodo.   <\/p>\n<p>Las sumas apuntadas ser\u00edan liquidadas a partir del mes pr\u00f3ximo y tal incremento, implicar\u00eda, en una remuneraci\u00f3n de $ 15.000, un aumento del 24,51% a septiembre. La mejora de estos \u00edtems impactar\u00e1 en las arcas municipales con una suma cercana al mill\u00f3n de pesos por mes, y el aumento resuelto del 4,5% demandar\u00e1 alrededor de 2 millones de pesos extra mensuales.  <\/p>\n<p>Es importante destacar que esta oferta no significa el cierre de la paritaria, sino una actualizaci\u00f3n de los sueldos a pagarse a partir de octubre, asumiendo adem\u00e1s el compromiso de mantener las negociaciones abiertas hasta fin de a\u00f1o.  <\/p>\n<p>Esta propuesta ha sido rechazada por ambos gremios, haciendo hincapi\u00e9 en que premiar el presentismo afecta los derechos de los trabajadores.  Nuestro gobierno considera que esta decisi\u00f3n constituye un reconocimiento para quienes todos los d\u00edas con su labor est\u00e1n comprometidos con la comunidad enalteciendo ante quienes por el contrario, no cumplen con sus funciones de manera cotidiana.   <\/p>\n<p>Desde que asumimos la tarea de conducir el municipio, hemos abonado el sueldo de los trabajadores en tiempo y forma, con los aumentos correspondientes todos los a\u00f1os y revirtiendo situaciones muy tristes a las que no deseamos regresar.   <\/p>\n<p>Esta vez, la inflaci\u00f3n fue mayor a la esperada y eso nos afecta a todos. Es por ello ma\u00f1ana martes 11 de septiembre, planteamos una nueva reuni\u00f3n haciendo un llamado a que los gremios tomen con la responsabilidad que corresponde este momento tan complicado, analicen retrospectivamente los cambios en las relaciones que hemos propiciado en todo este tiempo,  y as\u00ed,  eviten involucrar a los trabajadores con medidas de fuerza que perjudiquen a todos los vecinos que con su esfuerzo hacen posible el funcionamiento de nuestra administraci\u00f3n.<\/p>\n","protected":false},"excerpt":{"rendered":"<p>Tras el comunicado emitido por los gremios municipales sobre la reuni\u00f3n llevada a cabo con los representantes del ejecutivo para tratar de llegar a un acuerdo para el aumento del salario donde los sindicatos no aceptaron el ofrecimiento la municipalidad emiti\u00f3 un comunicado. La Municipalidad de San Pedro informa que el d\u00eda viernes 7 de [&hellip;]<\/p>\n","protected":false},"author":4,"featured_media":39906,"comment_status":"open","ping_status":"closed","sticky":false,"template":"","format":"standard","meta":{"om_disable_all_campaigns":false,"_jetpack_memberships_contains_paid_content":false,"footnotes":""},"categories":[50,101,2],"tags":[],"class_list":["post-39905","post","type-post","status-publish","format-standard","has-post-thumbnail","hentry","category-destacadas","category-interes-general-locales","category-locales"],"aioseo_notices":[],"gutentor_comment":0,"jetpack_featured_media_url":"https:\/\/eldiariodesanpedro.com.ar\/sitio\/wp-content\/uploads\/2018\/09\/TAPA-1.jpg","jetpack_shortlink":"https:\/\/wp.me\/p6RhLt-anD","jetpack_sharing_enabled":true,"_links":{"self":[{"href":"https:\/\/eldiariodesanpedro.com.ar\/sitio\/wp-json\/wp\/v2\/posts\/39905","targetHints":{"allow":["GET"]}}],"collection":[{"href":"https:\/\/eldiariodesanpedro.com.ar\/sitio\/wp-json\/wp\/v2\/posts"}],"about":[{"href":"https:\/\/eldiariodesanpedro.com.ar\/sitio\/wp-json\/wp\/v2\/types\/post"}],"author":[{"embeddable":true,"href":"https:\/\/eldiariodesanpedro.com.ar\/sitio\/wp-json\/wp\/v2\/users\/4"}],"replies":[{"embeddable":true,"href":"https:\/\/eldiariodesanpedro.com.ar\/sitio\/wp-json\/wp\/v2\/comments?post=39905"}],"version-history":[{"count":1,"href":"https:\/\/eldiariodesanpedro.com.ar\/sitio\/wp-json\/wp\/v2\/posts\/39905\/revisions"}],"predecessor-version":[{"id":39907,"href":"https:\/\/eldiariodesanpedro.com.ar\/sitio\/wp-json\/wp\/v2\/posts\/39905\/revisions\/39907"}],"wp:featuredmedia":[{"embeddable":true,"href":"https:\/\/eldiariodesanpedro.com.ar\/sitio\/wp-json\/wp\/v2\/media\/39906"}],"wp:attachment":[{"href":"https:\/\/eldiariodesanpedro.com.ar\/sitio\/wp-json\/wp\/v2\/media?parent=39905"}],"wp:term":[{"taxonomy":"category","embeddable":true,"href":"https:\/\/eldiariodesanpedro.com.ar\/sitio\/wp-json\/wp\/v2\/categories?post=39905"},{"taxonomy":"post_tag","embeddable":true,"href":"https:\/\/eldiariodesanpedro.com.ar\/sitio\/wp-json\/wp\/v2\/tags?post=39905"}],"curies":[{"name":"wp","href":"https:\/\/api.w.org\/{rel}","templated":true}]}}