{"id":39897,"date":"2018-09-09T20:53:08","date_gmt":"2018-09-09T23:53:08","guid":{"rendered":"https:\/\/eldiariodesanpedro.com.ar\/sitio\/?p=39897"},"modified":"2026-01-24T00:10:58","modified_gmt":"2026-01-24T03:10:58","slug":"hockey-local-parana-y-pescadores-jugaron-en-tres-divisiones","status":"publish","type":"post","link":"https:\/\/eldiariodesanpedro.com.ar\/sitio\/hockey-local-parana-y-pescadores-jugaron-en-tres-divisiones\/","title":{"rendered":"HOCKEY LOCAL: Paran\u00e1 y pescadores jugaron en tres divisiones"},"content":{"rendered":"<p><!-- VideographyWP Plugin Message: Automatic video embedding prevented by plugin options. --><br \/>\nParan\u00e1 y pescadores jugaron en tres divisiones<\/p>\n<p>  En el campo de deportes Jorge Su\u00e1rez se enfrentaron por una nueva fecha del hockey local Paran\u00e1 y Pescadores.<\/p>\n<p><strong>Resultados <\/strong><br \/>\n7ma: Paran\u00e1 2 &#8211; Pescadores 1<br \/>\n6ta: Paran\u00e1 7 &#8211; Pescadores 3<br \/>\n5ta: Paran\u00e1 2 &#8211; Pescadores 6<\/p>\n<p><strong>Pr\u00f3xima fecha<\/strong><br \/>\nRegatas Baradero vs. Mitre<\/p>\n","protected":false},"excerpt":{"rendered":"<p>Paran\u00e1 y pescadores jugaron en tres divisiones En el campo de deportes Jorge Su\u00e1rez se enfrentaron por una nueva fecha del hockey local Paran\u00e1 y Pescadores. Resultados 7ma: Paran\u00e1 2 &#8211; Pescadores 1 6ta: Paran\u00e1 7 &#8211; Pescadores 3 5ta: Paran\u00e1 2 &#8211; Pescadores 6 Pr\u00f3xima fecha Regatas Baradero vs. Mitre<\/p>\n","protected":false},"author":4,"featured_media":39900,"comment_status":"open","ping_status":"closed","sticky":false,"template":"","format":"standard","meta":{"om_disable_all_campaigns":false,"_jetpack_memberships_contains_paid_content":false,"footnotes":""},"categories":[5],"tags":[],"class_list":["post-39897","post","type-post","status-publish","format-standard","has-post-thumbnail","hentry","category-deportes"],"aioseo_notices":[],"gutentor_comment":0,"jetpack_featured_media_url":"https:\/\/eldiariodesanpedro.com.ar\/sitio\/wp-content\/uploads\/2018\/09\/Chicas-de-septima-divisi\u00f3n-de-ambos-clubes.jpg","jetpack_shortlink":"https:\/\/wp.me\/p6RhLt-anv","jetpack_sharing_enabled":true,"_links":{"self":[{"href":"https:\/\/eldiariodesanpedro.com.ar\/sitio\/wp-json\/wp\/v2\/posts\/39897","targetHints":{"allow":["GET"]}}],"collection":[{"href":"https:\/\/eldiariodesanpedro.com.ar\/sitio\/wp-json\/wp\/v2\/posts"}],"about":[{"href":"https:\/\/eldiariodesanpedro.com.ar\/sitio\/wp-json\/wp\/v2\/types\/post"}],"author":[{"embeddable":true,"href":"https:\/\/eldiariodesanpedro.com.ar\/sitio\/wp-json\/wp\/v2\/users\/4"}],"replies":[{"embeddable":true,"href":"https:\/\/eldiariodesanpedro.com.ar\/sitio\/wp-json\/wp\/v2\/comments?post=39897"}],"version-history":[{"count":1,"href":"https:\/\/eldiariodesanpedro.com.ar\/sitio\/wp-json\/wp\/v2\/posts\/39897\/revisions"}],"predecessor-version":[{"id":39903,"href":"https:\/\/eldiariodesanpedro.com.ar\/sitio\/wp-json\/wp\/v2\/posts\/39897\/revisions\/39903"}],"wp:featuredmedia":[{"embeddable":true,"href":"https:\/\/eldiariodesanpedro.com.ar\/sitio\/wp-json\/wp\/v2\/media\/39900"}],"wp:attachment":[{"href":"https:\/\/eldiariodesanpedro.com.ar\/sitio\/wp-json\/wp\/v2\/media?parent=39897"}],"wp:term":[{"taxonomy":"category","embeddable":true,"href":"https:\/\/eldiariodesanpedro.com.ar\/sitio\/wp-json\/wp\/v2\/categories?post=39897"},{"taxonomy":"post_tag","embeddable":true,"href":"https:\/\/eldiariodesanpedro.com.ar\/sitio\/wp-json\/wp\/v2\/tags?post=39897"}],"curies":[{"name":"wp","href":"https:\/\/api.w.org\/{rel}","templated":true}]}}