{"id":39892,"date":"2018-09-09T20:52:15","date_gmt":"2018-09-09T23:52:15","guid":{"rendered":"https:\/\/eldiariodesanpedro.com.ar\/sitio\/?p=39892"},"modified":"2026-01-24T00:10:59","modified_gmt":"2026-01-24T03:10:59","slug":"hockey-aho-los-andes-nautico-por-primera-vez-en-el-ano-repartieron-puntos","status":"publish","type":"post","link":"https:\/\/eldiariodesanpedro.com.ar\/sitio\/hockey-aho-los-andes-nautico-por-primera-vez-en-el-ano-repartieron-puntos\/","title":{"rendered":"HOCKEY AHO: Los Andes \u2013 N\u00e1utico por primera vez en el a\u00f1o; repartieron puntos"},"content":{"rendered":"<p><!-- VideographyWP Plugin Message: Automatic video embedding prevented by plugin options. --><br \/>\n  Con grandes expectativas se vivi\u00f3 el choque local por el torneo de AHO entre el CALA y CNSP.<br \/>\n  Much\u00edsimo p\u00fablico presente en la victoria de N\u00e1utico en sexta y Los Andes en primera. En s\u00e9ptima y quinta repartieron puntos. <\/p>\n<p><strong>Resultados y goleadoras<\/strong><\/p>\n<p><strong>7ma: 0-0<\/strong><br \/>\n6ta: Los Andes 0 &#8211; N\u00e1utico 2 (Pilar Zarzeski y Tatiana Tosso)<br \/>\n5ta: Los andes 1 (Ayel\u00e9n Trezzini) &#8211; N\u00e1utico 1 (Naomi Nakama)<br \/>\n1ra: Los Andes 2 (Roc\u00edo Cod\u00f3 y Aldana Madero) &#8211; N\u00e1utico 0 <\/p>\n<p><strong>Pr\u00f3xima fecha <\/strong><br \/>\nN\u00e1utico &#8211; Los andes (pendiente de la sexta fecha)<\/p>\n<p><strong>Posiciones<\/strong><\/p>\n<p><strong>Zona A<\/strong><br \/>\n<em>7ma<\/em><br \/>\nGimnasia 27 (11 partidos)<br \/>\nLos Marinos 20 (11)<br \/>\nN\u00e1utico 20 (9)<br \/>\nLos Andes 14 (11)<br \/>\nLos Miuras 16 (10)<br \/>\nSirio 7 (11)<br \/>\nSocial 0 (11)<\/p>\n<p><em>6ta<\/em><br \/>\nLos Miuras 17 (8)<br \/>\nN\u00e1utico 17 (7)<br \/>\nLos Andes 16 (9)<br \/>\nGimnasia 13 (10)<br \/>\nLos Marinos 10 (9)<br \/>\nSirio 1 (9)<\/p>\n<p><em>5ta<\/em><br \/>\nGimnasia 20 (9)<br \/>\nLos Miuras 18 (9)<br \/>\nN\u00e1utico 14 (7)<br \/>\nLos Andes 14 (9)<br \/>\nSirio 9 (9)<br \/>\nSocial 0 (9)<\/p>\n<p><em>1ra<\/em><br \/>\nLos Miuras 22 (8)<br \/>\nGimnasia 22 (9)<br \/>\nN\u00e1utico 12 (9)<br \/>\nLos Andes 9 (8)<br \/>\nSocial 8 (9)<br \/>\nLos Marinos 1 (9)<\/p>\n<p><img decoding=\"async\" data-attachment-id=\"39899\" data-permalink=\"https:\/\/eldiariodesanpedro.com.ar\/sitio\/hockey-aho-los-andes-nautico-por-primera-vez-en-el-ano-repartieron-puntos\/el-sabado-proximo-tendran-la-posibilidad-de-revancha\/\" data-orig-file=\"https:\/\/eldiariodesanpedro.com.ar\/sitio\/wp-content\/uploads\/2018\/09\/El-s\u00e1bado-pr\u00f3ximo-tendr\u00e1n-la-posibilidad-de-revancha.jpg\" data-orig-size=\"1000,750\" data-comments-opened=\"1\" data-image-meta=\"{&quot;aperture&quot;:&quot;5.6&quot;,&quot;credit&quot;:&quot;&quot;,&quot;camera&quot;:&quot;FinePix S4000&quot;,&quot;caption&quot;:&quot;&quot;,&quot;created_timestamp&quot;:&quot;962910368&quot;,&quot;copyright&quot;:&quot;&quot;,&quot;focal_length&quot;:&quot;24.2&quot;,&quot;iso&quot;:&quot;64&quot;,&quot;shutter_speed&quot;:&quot;0.0055555555555556&quot;,&quot;title&quot;:&quot;&quot;,&quot;orientation&quot;:&quot;0&quot;}\" data-image-title=\"El s\u00e1bado pr\u00f3ximo tendr\u00e1n la posibilidad de revancha\" data-image-description=\"\" data-image-caption=\"\" data-large-file=\"https:\/\/eldiariodesanpedro.com.ar\/sitio\/wp-content\/uploads\/2018\/09\/El-s\u00e1bado-pr\u00f3ximo-tendr\u00e1n-la-posibilidad-de-revancha.jpg\" data-src=\"https:\/\/eldiariodesanpedro.com.ar\/sitio\/wp-content\/uploads\/2018\/09\/El-s\u00e1bado-pr\u00f3ximo-tendr\u00e1n-la-posibilidad-de-revancha.jpg\" alt=\"\" width=\"1000\" height=\"750\" class=\"alignnone size-full wp-image-39899 lazyload\" data-srcset=\"https:\/\/eldiariodesanpedro.com.ar\/sitio\/wp-content\/uploads\/2018\/09\/El-s\u00e1bado-pr\u00f3ximo-tendr\u00e1n-la-posibilidad-de-revancha.jpg 1000w, https:\/\/eldiariodesanpedro.com.ar\/sitio\/wp-content\/uploads\/2018\/09\/El-s\u00e1bado-pr\u00f3ximo-tendr\u00e1n-la-posibilidad-de-revancha-300x225.jpg 300w, https:\/\/eldiariodesanpedro.com.ar\/sitio\/wp-content\/uploads\/2018\/09\/El-s\u00e1bado-pr\u00f3ximo-tendr\u00e1n-la-posibilidad-de-revancha-768x576.jpg 768w\" data-sizes=\"(max-width: 1000px) 100vw, 1000px\" src=\"data:image\/svg+xml;base64,PHN2ZyB3aWR0aD0iMSIgaGVpZ2h0PSIxIiB4bWxucz0iaHR0cDovL3d3dy53My5vcmcvMjAwMC9zdmciPjwvc3ZnPg==\" style=\"--smush-placeholder-width: 1000px; --smush-placeholder-aspect-ratio: 1000\/750;\" \/><\/p>\n","protected":false},"excerpt":{"rendered":"<p>Con grandes expectativas se vivi\u00f3 el choque local por el torneo de AHO entre el CALA y CNSP. Much\u00edsimo p\u00fablico presente en la victoria de N\u00e1utico en sexta y Los Andes en primera. En s\u00e9ptima y quinta repartieron puntos. Resultados y goleadoras 7ma: 0-0 6ta: Los Andes 0 &#8211; N\u00e1utico 2 (Pilar Zarzeski y Tatiana [&hellip;]<\/p>\n","protected":false},"author":4,"featured_media":39898,"comment_status":"open","ping_status":"closed","sticky":false,"template":"","format":"standard","meta":{"om_disable_all_campaigns":false,"_jetpack_memberships_contains_paid_content":false,"footnotes":""},"categories":[5],"tags":[],"class_list":["post-39892","post","type-post","status-publish","format-standard","has-post-thumbnail","hentry","category-deportes"],"aioseo_notices":[],"gutentor_comment":0,"jetpack_featured_media_url":"https:\/\/eldiariodesanpedro.com.ar\/sitio\/wp-content\/uploads\/2018\/09\/Entretenidos-partidos-jugaron-CALA-y-celestes.jpg","jetpack_shortlink":"https:\/\/wp.me\/p6RhLt-anq","jetpack_sharing_enabled":true,"_links":{"self":[{"href":"https:\/\/eldiariodesanpedro.com.ar\/sitio\/wp-json\/wp\/v2\/posts\/39892","targetHints":{"allow":["GET"]}}],"collection":[{"href":"https:\/\/eldiariodesanpedro.com.ar\/sitio\/wp-json\/wp\/v2\/posts"}],"about":[{"href":"https:\/\/eldiariodesanpedro.com.ar\/sitio\/wp-json\/wp\/v2\/types\/post"}],"author":[{"embeddable":true,"href":"https:\/\/eldiariodesanpedro.com.ar\/sitio\/wp-json\/wp\/v2\/users\/4"}],"replies":[{"embeddable":true,"href":"https:\/\/eldiariodesanpedro.com.ar\/sitio\/wp-json\/wp\/v2\/comments?post=39892"}],"version-history":[{"count":1,"href":"https:\/\/eldiariodesanpedro.com.ar\/sitio\/wp-json\/wp\/v2\/posts\/39892\/revisions"}],"predecessor-version":[{"id":39902,"href":"https:\/\/eldiariodesanpedro.com.ar\/sitio\/wp-json\/wp\/v2\/posts\/39892\/revisions\/39902"}],"wp:featuredmedia":[{"embeddable":true,"href":"https:\/\/eldiariodesanpedro.com.ar\/sitio\/wp-json\/wp\/v2\/media\/39898"}],"wp:attachment":[{"href":"https:\/\/eldiariodesanpedro.com.ar\/sitio\/wp-json\/wp\/v2\/media?parent=39892"}],"wp:term":[{"taxonomy":"category","embeddable":true,"href":"https:\/\/eldiariodesanpedro.com.ar\/sitio\/wp-json\/wp\/v2\/categories?post=39892"},{"taxonomy":"post_tag","embeddable":true,"href":"https:\/\/eldiariodesanpedro.com.ar\/sitio\/wp-json\/wp\/v2\/tags?post=39892"}],"curies":[{"name":"wp","href":"https:\/\/api.w.org\/{rel}","templated":true}]}}