{"id":39888,"date":"2018-09-09T20:45:39","date_gmt":"2018-09-09T23:45:39","guid":{"rendered":"https:\/\/eldiariodesanpedro.com.ar\/sitio\/?p=39888"},"modified":"2018-09-09T20:45:39","modified_gmt":"2018-09-09T23:45:39","slug":"taller-interactivo-sobre-cancer-de-mama","status":"publish","type":"post","link":"https:\/\/eldiariodesanpedro.com.ar\/sitio\/taller-interactivo-sobre-cancer-de-mama\/","title":{"rendered":"Taller interactivo sobre c\u00e1ncer de mama"},"content":{"rendered":"<p><!-- VideographyWP Plugin Message: Automatic video embedding prevented by plugin options. --><br \/>\nCon el slogan \u201cEl c\u00e1ncer de mama se cura\u201d, el 20 de octubre se realizar\u00e1 un nuevo encuentro abierto a la comunidad con propuestas innovadoras y testimonios.<\/p>\n<p>  Con el objetivo de aportar a la prevenci\u00f3n y en coincidencia con el mes definido por la OMS para la Lucha Mundial del C\u00e1ncer de Mama, San Pedro tendr\u00e1 un encuentro en la Sociedad Italiana donde se realizar\u00e1n mesas redondas para que el p\u00fablico interact\u00fae con los expositores y los profesionales dedicados a patolog\u00eda mamaria.<br \/>\n  En esta ocasi\u00f3n, Pelucas Solidarias de Baradero mostrar\u00e1 c\u00f3mo se confeccionan las pelucas y se recibir\u00e1 donaci\u00f3n de pelo. Por su parte, Paula Estrada de Quimio con Pelo realizar\u00e1 la demostraci\u00f3n de los cascos fr\u00edos de gel para evitar la ca\u00edda del pelo durante los tratamientos.    El grupo de Remeras del Plata, integrado por mujeres que superaron la enfermedad, compartir\u00e1n su experiencia con este deporte y el reciente viaje a la ciudad de Florencia, en Italia.<\/p>\n<p>  Adem\u00e1s, habr\u00e1 demostraci\u00f3n de autoexamen mamario, contacto directo con profesionales vinculados y se entregar\u00e1 folleter\u00eda.<\/p>\n<p><em>  El encuentro est\u00e1 auspiciado por:<\/em><br \/>\nSanatorio Coopser<br \/>\nDiagn\u00f3stico San Pedro<br \/>\nC\u00edrculo M\u00e9dico San Pedro<br \/>\nMunicipalidad de San Pedro<br \/>\nAlucec San Pedro<br \/>\nCl\u00ednica Privada San Pedro<br \/>\nSOGBA Sociedad de Ginecolog\u00eda y Obstetricia de la Provincia de Buenos Aires<\/p>\n","protected":false},"excerpt":{"rendered":"<p>Con el slogan \u201cEl c\u00e1ncer de mama se cura\u201d, el 20 de octubre se realizar\u00e1 un nuevo encuentro abierto a la comunidad con propuestas innovadoras y testimonios. Con el objetivo de aportar a la prevenci\u00f3n y en coincidencia con el mes definido por la OMS para la Lucha Mundial del C\u00e1ncer de Mama, San Pedro [&hellip;]<\/p>\n","protected":false},"author":4,"featured_media":39890,"comment_status":"open","ping_status":"closed","sticky":false,"template":"","format":"standard","meta":{"om_disable_all_campaigns":false,"_jetpack_memberships_contains_paid_content":false,"footnotes":""},"categories":[101,2],"tags":[],"class_list":["post-39888","post","type-post","status-publish","format-standard","has-post-thumbnail","hentry","category-interes-general-locales","category-locales"],"aioseo_notices":[],"gutentor_comment":0,"jetpack_featured_media_url":"https:\/\/eldiariodesanpedro.com.ar\/sitio\/wp-content\/uploads\/2018\/09\/cancer-mama.jpg","jetpack_shortlink":"https:\/\/wp.me\/p6RhLt-anm","jetpack_sharing_enabled":true,"_links":{"self":[{"href":"https:\/\/eldiariodesanpedro.com.ar\/sitio\/wp-json\/wp\/v2\/posts\/39888","targetHints":{"allow":["GET"]}}],"collection":[{"href":"https:\/\/eldiariodesanpedro.com.ar\/sitio\/wp-json\/wp\/v2\/posts"}],"about":[{"href":"https:\/\/eldiariodesanpedro.com.ar\/sitio\/wp-json\/wp\/v2\/types\/post"}],"author":[{"embeddable":true,"href":"https:\/\/eldiariodesanpedro.com.ar\/sitio\/wp-json\/wp\/v2\/users\/4"}],"replies":[{"embeddable":true,"href":"https:\/\/eldiariodesanpedro.com.ar\/sitio\/wp-json\/wp\/v2\/comments?post=39888"}],"version-history":[{"count":1,"href":"https:\/\/eldiariodesanpedro.com.ar\/sitio\/wp-json\/wp\/v2\/posts\/39888\/revisions"}],"predecessor-version":[{"id":39891,"href":"https:\/\/eldiariodesanpedro.com.ar\/sitio\/wp-json\/wp\/v2\/posts\/39888\/revisions\/39891"}],"wp:featuredmedia":[{"embeddable":true,"href":"https:\/\/eldiariodesanpedro.com.ar\/sitio\/wp-json\/wp\/v2\/media\/39890"}],"wp:attachment":[{"href":"https:\/\/eldiariodesanpedro.com.ar\/sitio\/wp-json\/wp\/v2\/media?parent=39888"}],"wp:term":[{"taxonomy":"category","embeddable":true,"href":"https:\/\/eldiariodesanpedro.com.ar\/sitio\/wp-json\/wp\/v2\/categories?post=39888"},{"taxonomy":"post_tag","embeddable":true,"href":"https:\/\/eldiariodesanpedro.com.ar\/sitio\/wp-json\/wp\/v2\/tags?post=39888"}],"curies":[{"name":"wp","href":"https:\/\/api.w.org\/{rel}","templated":true}]}}