{"id":39883,"date":"2018-09-09T20:42:53","date_gmt":"2018-09-09T23:42:53","guid":{"rendered":"https:\/\/eldiariodesanpedro.com.ar\/sitio\/?p=39883"},"modified":"2018-09-09T20:42:53","modified_gmt":"2018-09-09T23:42:53","slug":"con-la-tradicional-procesion-se-celebro-el-dia-de-la-patrona-de-san-pedro","status":"publish","type":"post","link":"https:\/\/eldiariodesanpedro.com.ar\/sitio\/con-la-tradicional-procesion-se-celebro-el-dia-de-la-patrona-de-san-pedro\/","title":{"rendered":"Con la tradicional procesi\u00f3n se celebr\u00f3 el d\u00eda de la Patrona de San Pedro"},"content":{"rendered":"<p><!-- VideographyWP Plugin Message: Automatic video embedding prevented by plugin options. --><br \/>\nNuestra Se\u00f1ora del Socorro cumpli\u00f3 un nuevo aniversario de su llegada a la ciudad. La multitudinaria peregrinaci\u00f3n parti\u00f3 desde Mitre y 3 de Febrero y finaliz\u00f3 en la Iglesia.<\/p>\n<p>  Con un completo programa que se inici\u00f3 hace dos semanas atr\u00e1s, la comunidad cat\u00f3lica celebr\u00f3, como cada 8 de septiembre, el d\u00eda de la Patrona. Durante los d\u00edas previos se desarrollaron diversas actividades, hasta la celebraci\u00f3n central que consisti\u00f3 en la tradicional procesi\u00f3n por las calles de la ciudad.<br \/>\n  El s\u00e1bado la virgen arrib\u00f3 a la esquina de Mitre y Tres de Febrero a bordo de un autobomba de Bomberos y, desde all\u00ed, parti\u00f3 la procesi\u00f3n donde se traslad\u00f3 la imagen de la Patrona de la ciudad \u201cNuestra Se\u00f1ora del Socorro\u201d hasta la Parroquia que lleva su nombre, ubicada en la Plaza Constituci\u00f3n.<br \/>\n  Cont\u00f3 con una imponente participaci\u00f3n de feligreses que, a su vez, acompa\u00f1aron la misa que fue presidida por el em\u00e9rito Monse\u00f1or H\u00e9ctor Cardelli y el Padre H\u00e9ctor Molfesa. <\/p>\n<p><strong>LA HISTORIA DE LA VIRGEN<\/strong><br \/>\n  Cabe recordar que la misma fue tra\u00edda de Oruro (Bolivia) por el Hermano de la Orden Franciscana, Fray Alonso del Pozo en 1760, con la expresa condici\u00f3n de ser Patrona de la nueva Iglesia.<br \/>\n  La imagen de la virgen fue solicitada a Espa\u00f1a y trasladada al pueblo de Borburata, junto con otra virgen.<br \/>\n  La leyenda dice que se confundieron las im\u00e1genes, enviaron la imagen de Nuestra Se\u00f1ora del Socorro al Per\u00fa, mientras que la Dolorosa qued\u00f3 en el pueblo.<br \/>\n  Desde el altiplano hicieron el reclamo, pero, seg\u00fan el poeta Andr\u00e9s Eloy Blanco, desde estos pagos contestaron: \u201cPueblo no cambia virgen\u201d.<\/p>\n<p>  La primera noticia que se conoce de una imagen de la Virgen Mar\u00eda con la advocaci\u00f3n de Nuestra Se\u00f1ora del Socorro proviene del convento de los padres Agustinos de Mallorca.<br \/>\n  El sacerdote Juan Exarch, agustino, fue destinado en 1480 para fundar un convento de la orden en Palma de Mallorca, respetando la voluntad para que la Virgen del Socorro, de la cual era muy devoto, fuese venerada en Mallorca.<\/p>\n<p>  La Sant\u00edsima Virgen cumpli\u00f3 sus deseos, obrando un gran milagro al visitar a un enfermo incurable que al encomendarse a su devoci\u00f3n recuper\u00f3 su salud. Agradecido, el enfermo y su mujer donaron sus bienes y sus tierras para que se edificase en Palma el convento con el t\u00edtulo de Nuestra Se\u00f1ora del Socorro.<br \/>\n  En San Pedro desde 1763 acompa\u00f1a a la poblaci\u00f3n, cuando fue tra\u00edda desde Oruro Bolivia con la expresa condici\u00f3n que fuera nombrada Patrona del lugar, el responsable de su llegada fue el Fraile Fray Alonzo del Pozo a quien se lo envi\u00f3 al Alto Per\u00fa a recaudar donaciones para poder seguir construyendo el convento que funcion\u00f3 por 72 a\u00f1os, desde la calle M\u00e1ximo Mill\u00e1n hasta los miradores.<\/p>\n<p>  Al llegar a Oruro, el fraile se encontr\u00f3 con muchas donaciones y entre ellas la imagen de la virgen, espa\u00f1ola vestida, sentada en una sillita de madera con su hijo en brazos.<br \/>\n  Cada 8 de Septiembre San Pedro le rinde homenaje por lo que se la peina, su cabello es natural, se le cambia el vestido y se la lleva en procesi\u00f3n, durante todo el mes permanece al alcance de la poblaci\u00f3n que se acerca a su altar para orar, o simplemente estar en su presencia.<\/p>\n<p>Fuente y Gentileza: San Pedro Informa<\/p>\n","protected":false},"excerpt":{"rendered":"<p>Nuestra Se\u00f1ora del Socorro cumpli\u00f3 un nuevo aniversario de su llegada a la ciudad. La multitudinaria peregrinaci\u00f3n parti\u00f3 desde Mitre y 3 de Febrero y finaliz\u00f3 en la Iglesia. Con un completo programa que se inici\u00f3 hace dos semanas atr\u00e1s, la comunidad cat\u00f3lica celebr\u00f3, como cada 8 de septiembre, el d\u00eda de la Patrona. Durante [&hellip;]<\/p>\n","protected":false},"author":4,"featured_media":39886,"comment_status":"open","ping_status":"closed","sticky":false,"template":"","format":"standard","meta":{"om_disable_all_campaigns":false,"_jetpack_memberships_contains_paid_content":false,"footnotes":""},"categories":[101,2],"tags":[],"class_list":["post-39883","post","type-post","status-publish","format-standard","has-post-thumbnail","hentry","category-interes-general-locales","category-locales"],"aioseo_notices":[],"gutentor_comment":0,"jetpack_featured_media_url":"https:\/\/eldiariodesanpedro.com.ar\/sitio\/wp-content\/uploads\/2018\/09\/Nuestra-Se\u00f1ora-del-Socorro.jpg","jetpack_shortlink":"https:\/\/wp.me\/p6RhLt-anh","jetpack_sharing_enabled":true,"_links":{"self":[{"href":"https:\/\/eldiariodesanpedro.com.ar\/sitio\/wp-json\/wp\/v2\/posts\/39883","targetHints":{"allow":["GET"]}}],"collection":[{"href":"https:\/\/eldiariodesanpedro.com.ar\/sitio\/wp-json\/wp\/v2\/posts"}],"about":[{"href":"https:\/\/eldiariodesanpedro.com.ar\/sitio\/wp-json\/wp\/v2\/types\/post"}],"author":[{"embeddable":true,"href":"https:\/\/eldiariodesanpedro.com.ar\/sitio\/wp-json\/wp\/v2\/users\/4"}],"replies":[{"embeddable":true,"href":"https:\/\/eldiariodesanpedro.com.ar\/sitio\/wp-json\/wp\/v2\/comments?post=39883"}],"version-history":[{"count":1,"href":"https:\/\/eldiariodesanpedro.com.ar\/sitio\/wp-json\/wp\/v2\/posts\/39883\/revisions"}],"predecessor-version":[{"id":39887,"href":"https:\/\/eldiariodesanpedro.com.ar\/sitio\/wp-json\/wp\/v2\/posts\/39883\/revisions\/39887"}],"wp:featuredmedia":[{"embeddable":true,"href":"https:\/\/eldiariodesanpedro.com.ar\/sitio\/wp-json\/wp\/v2\/media\/39886"}],"wp:attachment":[{"href":"https:\/\/eldiariodesanpedro.com.ar\/sitio\/wp-json\/wp\/v2\/media?parent=39883"}],"wp:term":[{"taxonomy":"category","embeddable":true,"href":"https:\/\/eldiariodesanpedro.com.ar\/sitio\/wp-json\/wp\/v2\/categories?post=39883"},{"taxonomy":"post_tag","embeddable":true,"href":"https:\/\/eldiariodesanpedro.com.ar\/sitio\/wp-json\/wp\/v2\/tags?post=39883"}],"curies":[{"name":"wp","href":"https:\/\/api.w.org\/{rel}","templated":true}]}}