{"id":39881,"date":"2018-09-09T20:38:04","date_gmt":"2018-09-09T23:38:04","guid":{"rendered":"https:\/\/eldiariodesanpedro.com.ar\/sitio\/?p=39881"},"modified":"2018-09-09T20:38:04","modified_gmt":"2018-09-09T23:38:04","slug":"denuncias-por-amenazas","status":"publish","type":"post","link":"https:\/\/eldiariodesanpedro.com.ar\/sitio\/denuncias-por-amenazas\/","title":{"rendered":"Denuncias por amenazas"},"content":{"rendered":"<p><!-- VideographyWP Plugin Message: Automatic video embedding prevented by plugin options. --><br \/>\n<strong>Amenazas entre vecinos<\/strong><br \/>\n  Este s\u00e1bado al mediod\u00eda, una mujer de 30 a\u00f1os realiz\u00f3 una denuncia por amenazas.<br \/>\n  Declar\u00f3 que estando ella fuera de su domicilio realizando tareas de mantenimientos a su vivienda, sita en calles Independencia al 1800, se present\u00f3 un vecino al que identific\u00f3, quien molesto por los ruidos ocasionados y portando un palo de escoba, la amenaz\u00f3 e insult\u00f3, retir\u00e1ndose luego del lugar. <\/p>\n<p><strong>Amenazas por problemas personales<\/strong><br \/>\n  El mismo d\u00eda, pero por la tarde, una joven de 22 a\u00f1os denunci\u00f3 que estando ella fuera de su casa, ubicada sobre calle Combate de Obligado al 200, un hombre al que conoce e identifica, pas\u00f3 a bordo de una moto haciendo ademanes e intimid\u00e1ndola por motivos de \u00edndole domestica de data anterior.<br \/>\n  Interviene la Fiscal\u00eda en turno de San Pedro. <\/p>\n","protected":false},"excerpt":{"rendered":"<p>Amenazas entre vecinos Este s\u00e1bado al mediod\u00eda, una mujer de 30 a\u00f1os realiz\u00f3 una denuncia por amenazas. Declar\u00f3 que estando ella fuera de su domicilio realizando tareas de mantenimientos a su vivienda, sita en calles Independencia al 1800, se present\u00f3 un vecino al que identific\u00f3, quien molesto por los ruidos ocasionados y portando un palo [&hellip;]<\/p>\n","protected":false},"author":4,"featured_media":16985,"comment_status":"open","ping_status":"closed","sticky":false,"template":"","format":"standard","meta":{"om_disable_all_campaigns":false,"_jetpack_memberships_contains_paid_content":false,"footnotes":""},"categories":[2,103],"tags":[],"class_list":["post-39881","post","type-post","status-publish","format-standard","has-post-thumbnail","hentry","category-locales","category-policiales-locales"],"aioseo_notices":[],"gutentor_comment":0,"jetpack_featured_media_url":"https:\/\/eldiariodesanpedro.com.ar\/sitio\/wp-content\/uploads\/2017\/04\/DSC_0218-e1491428995946.jpg","jetpack_shortlink":"https:\/\/wp.me\/p6RhLt-anf","jetpack_sharing_enabled":true,"_links":{"self":[{"href":"https:\/\/eldiariodesanpedro.com.ar\/sitio\/wp-json\/wp\/v2\/posts\/39881","targetHints":{"allow":["GET"]}}],"collection":[{"href":"https:\/\/eldiariodesanpedro.com.ar\/sitio\/wp-json\/wp\/v2\/posts"}],"about":[{"href":"https:\/\/eldiariodesanpedro.com.ar\/sitio\/wp-json\/wp\/v2\/types\/post"}],"author":[{"embeddable":true,"href":"https:\/\/eldiariodesanpedro.com.ar\/sitio\/wp-json\/wp\/v2\/users\/4"}],"replies":[{"embeddable":true,"href":"https:\/\/eldiariodesanpedro.com.ar\/sitio\/wp-json\/wp\/v2\/comments?post=39881"}],"version-history":[{"count":2,"href":"https:\/\/eldiariodesanpedro.com.ar\/sitio\/wp-json\/wp\/v2\/posts\/39881\/revisions"}],"predecessor-version":[{"id":39885,"href":"https:\/\/eldiariodesanpedro.com.ar\/sitio\/wp-json\/wp\/v2\/posts\/39881\/revisions\/39885"}],"wp:featuredmedia":[{"embeddable":true,"href":"https:\/\/eldiariodesanpedro.com.ar\/sitio\/wp-json\/wp\/v2\/media\/16985"}],"wp:attachment":[{"href":"https:\/\/eldiariodesanpedro.com.ar\/sitio\/wp-json\/wp\/v2\/media?parent=39881"}],"wp:term":[{"taxonomy":"category","embeddable":true,"href":"https:\/\/eldiariodesanpedro.com.ar\/sitio\/wp-json\/wp\/v2\/categories?post=39881"},{"taxonomy":"post_tag","embeddable":true,"href":"https:\/\/eldiariodesanpedro.com.ar\/sitio\/wp-json\/wp\/v2\/tags?post=39881"}],"curies":[{"name":"wp","href":"https:\/\/api.w.org\/{rel}","templated":true}]}}