{"id":39876,"date":"2018-09-09T20:33:54","date_gmt":"2018-09-09T23:33:54","guid":{"rendered":"https:\/\/eldiariodesanpedro.com.ar\/sitio\/?p=39876"},"modified":"2018-09-09T20:33:54","modified_gmt":"2018-09-09T23:33:54","slug":"se-aprehendio-una-persona-tras-cometer-dos-ilicitos","status":"publish","type":"post","link":"https:\/\/eldiariodesanpedro.com.ar\/sitio\/se-aprehendio-una-persona-tras-cometer-dos-ilicitos\/","title":{"rendered":"Se aprehendi\u00f3 una persona tras cometer dos il\u00edcitos"},"content":{"rendered":"<p><!-- VideographyWP Plugin Message: Automatic video embedding prevented by plugin options. --><br \/>\n  Este s\u00e1bado cerca de las 22.0 hs., personal policial de la Comisar\u00eda, tras un amplio operativo en las inmediaciones de calles Ayacucho y Hermano Indio, pudo aprehender a un sujeto de 28 a\u00f1os que, instantes antes, hab\u00eda intentado sustraer de calle Mateo Sbert al 400 una motocicleta 110 cc que estaba estacionada en la vereda.<br \/>\n Continuando con raid delictivo, el mismo delincuente, tambi\u00e9n intent\u00f3 robarle las pertenencias a una mujer de 26 a\u00f1os que transitaba por Liniers y Cruz Roja ciudad, a la que intimid\u00f3 verbalmente y golpe\u00f3 con sus pu\u00f1os.   Afortunadamente la v\u00edctima no sufri\u00f3 lesiones. <\/p>\n<p>  Se tomaron las denuncias de las v\u00edctimas en la Comisar\u00eda local.<br \/>\n  El aprehendido permanece en sede policial imputado de ambos delitos, a la espera de ser trasladado a sede judicial. <\/p>\n<p>  Se logr\u00f3 certificar que el aprehendido registraba un pedido de captura por un hecho de \u00abRobo Agravado\u00bb desde el a\u00f1o 2017 a requerimiento de la Fiscal\u00eda de San Pedro. Investiga el hecho la Fiscal\u00eda en turno.<\/p>\n","protected":false},"excerpt":{"rendered":"<p>Este s\u00e1bado cerca de las 22.0 hs., personal policial de la Comisar\u00eda, tras un amplio operativo en las inmediaciones de calles Ayacucho y Hermano Indio, pudo aprehender a un sujeto de 28 a\u00f1os que, instantes antes, hab\u00eda intentado sustraer de calle Mateo Sbert al 400 una motocicleta 110 cc que estaba estacionada en la vereda. [&hellip;]<\/p>\n","protected":false},"author":4,"featured_media":28826,"comment_status":"open","ping_status":"closed","sticky":false,"template":"","format":"standard","meta":{"om_disable_all_campaigns":false,"_jetpack_memberships_contains_paid_content":false,"footnotes":""},"categories":[2,103],"tags":[],"class_list":["post-39876","post","type-post","status-publish","format-standard","has-post-thumbnail","hentry","category-locales","category-policiales-locales"],"aioseo_notices":[],"gutentor_comment":0,"jetpack_featured_media_url":"https:\/\/eldiariodesanpedro.com.ar\/sitio\/wp-content\/uploads\/2018\/02\/detenido-4.jpg","jetpack_shortlink":"https:\/\/wp.me\/p6RhLt-ana","jetpack_sharing_enabled":true,"_links":{"self":[{"href":"https:\/\/eldiariodesanpedro.com.ar\/sitio\/wp-json\/wp\/v2\/posts\/39876","targetHints":{"allow":["GET"]}}],"collection":[{"href":"https:\/\/eldiariodesanpedro.com.ar\/sitio\/wp-json\/wp\/v2\/posts"}],"about":[{"href":"https:\/\/eldiariodesanpedro.com.ar\/sitio\/wp-json\/wp\/v2\/types\/post"}],"author":[{"embeddable":true,"href":"https:\/\/eldiariodesanpedro.com.ar\/sitio\/wp-json\/wp\/v2\/users\/4"}],"replies":[{"embeddable":true,"href":"https:\/\/eldiariodesanpedro.com.ar\/sitio\/wp-json\/wp\/v2\/comments?post=39876"}],"version-history":[{"count":2,"href":"https:\/\/eldiariodesanpedro.com.ar\/sitio\/wp-json\/wp\/v2\/posts\/39876\/revisions"}],"predecessor-version":[{"id":39880,"href":"https:\/\/eldiariodesanpedro.com.ar\/sitio\/wp-json\/wp\/v2\/posts\/39876\/revisions\/39880"}],"wp:featuredmedia":[{"embeddable":true,"href":"https:\/\/eldiariodesanpedro.com.ar\/sitio\/wp-json\/wp\/v2\/media\/28826"}],"wp:attachment":[{"href":"https:\/\/eldiariodesanpedro.com.ar\/sitio\/wp-json\/wp\/v2\/media?parent=39876"}],"wp:term":[{"taxonomy":"category","embeddable":true,"href":"https:\/\/eldiariodesanpedro.com.ar\/sitio\/wp-json\/wp\/v2\/categories?post=39876"},{"taxonomy":"post_tag","embeddable":true,"href":"https:\/\/eldiariodesanpedro.com.ar\/sitio\/wp-json\/wp\/v2\/tags?post=39876"}],"curies":[{"name":"wp","href":"https:\/\/api.w.org\/{rel}","templated":true}]}}