{"id":39872,"date":"2018-09-09T20:13:16","date_gmt":"2018-09-09T23:13:16","guid":{"rendered":"https:\/\/eldiariodesanpedro.com.ar\/sitio\/?p=39872"},"modified":"2018-09-09T20:13:16","modified_gmt":"2018-09-09T23:13:16","slug":"baradero-fiesta-de-la-primavera-reunion-con-alumnos-que-participaran-con-sus-carrozas","status":"publish","type":"post","link":"https:\/\/eldiariodesanpedro.com.ar\/sitio\/baradero-fiesta-de-la-primavera-reunion-con-alumnos-que-participaran-con-sus-carrozas\/","title":{"rendered":"BARADERO: Fiesta de la Primavera: Reuni\u00f3n con alumnos que participar\u00e1n con sus carrozas"},"content":{"rendered":"<p><!-- VideographyWP Plugin Message: Automatic video embedding prevented by plugin options. --><br \/>\n  A menos de 15 d\u00edas de que se realice una nueva edici\u00f3n de este festejo tradicional, las autoridades de Deportes mantendr\u00e1n un encuentro con los alumnos responsables de las cuatro carrozas que participar\u00e1n. La reuni\u00f3n se desarrollar\u00e1 a las 16 hs. en el Centro de Cultura.<br \/>\n  Surge tambi\u00e9n en virtud de los \u00faltimos acontecimientos ocurridos donde Escuelas acusaron a otras por pintadas y ataques a los galpones donde trabajan.<br \/>\n  En ese sentido el Director de Deportes, Osvaldo Tato Mindurry, dijo a Tu Radio: \u201cQueremos hablar con los chicos y en esto tenemos que ver todos. Tambi\u00e9n los padres\u201d.<\/p>\n<p>Fuente: Tu L\u00ednea Directa <\/p>\n","protected":false},"excerpt":{"rendered":"<p>A menos de 15 d\u00edas de que se realice una nueva edici\u00f3n de este festejo tradicional, las autoridades de Deportes mantendr\u00e1n un encuentro con los alumnos responsables de las cuatro carrozas que participar\u00e1n. La reuni\u00f3n se desarrollar\u00e1 a las 16 hs. en el Centro de Cultura. Surge tambi\u00e9n en virtud de los \u00faltimos acontecimientos ocurridos [&hellip;]<\/p>\n","protected":false},"author":4,"featured_media":39873,"comment_status":"open","ping_status":"closed","sticky":false,"template":"","format":"standard","meta":{"om_disable_all_campaigns":false,"_jetpack_memberships_contains_paid_content":false,"footnotes":""},"categories":[621],"tags":[],"class_list":["post-39872","post","type-post","status-publish","format-standard","has-post-thumbnail","hentry","category-regionales"],"aioseo_notices":[],"gutentor_comment":0,"jetpack_featured_media_url":"https:\/\/eldiariodesanpedro.com.ar\/sitio\/wp-content\/uploads\/2018\/09\/Fiesta-de-la-Primavera.jpg","jetpack_shortlink":"https:\/\/wp.me\/p6RhLt-an6","jetpack_sharing_enabled":true,"_links":{"self":[{"href":"https:\/\/eldiariodesanpedro.com.ar\/sitio\/wp-json\/wp\/v2\/posts\/39872","targetHints":{"allow":["GET"]}}],"collection":[{"href":"https:\/\/eldiariodesanpedro.com.ar\/sitio\/wp-json\/wp\/v2\/posts"}],"about":[{"href":"https:\/\/eldiariodesanpedro.com.ar\/sitio\/wp-json\/wp\/v2\/types\/post"}],"author":[{"embeddable":true,"href":"https:\/\/eldiariodesanpedro.com.ar\/sitio\/wp-json\/wp\/v2\/users\/4"}],"replies":[{"embeddable":true,"href":"https:\/\/eldiariodesanpedro.com.ar\/sitio\/wp-json\/wp\/v2\/comments?post=39872"}],"version-history":[{"count":1,"href":"https:\/\/eldiariodesanpedro.com.ar\/sitio\/wp-json\/wp\/v2\/posts\/39872\/revisions"}],"predecessor-version":[{"id":39875,"href":"https:\/\/eldiariodesanpedro.com.ar\/sitio\/wp-json\/wp\/v2\/posts\/39872\/revisions\/39875"}],"wp:featuredmedia":[{"embeddable":true,"href":"https:\/\/eldiariodesanpedro.com.ar\/sitio\/wp-json\/wp\/v2\/media\/39873"}],"wp:attachment":[{"href":"https:\/\/eldiariodesanpedro.com.ar\/sitio\/wp-json\/wp\/v2\/media?parent=39872"}],"wp:term":[{"taxonomy":"category","embeddable":true,"href":"https:\/\/eldiariodesanpedro.com.ar\/sitio\/wp-json\/wp\/v2\/categories?post=39872"},{"taxonomy":"post_tag","embeddable":true,"href":"https:\/\/eldiariodesanpedro.com.ar\/sitio\/wp-json\/wp\/v2\/tags?post=39872"}],"curies":[{"name":"wp","href":"https:\/\/api.w.org\/{rel}","templated":true}]}}