{"id":39869,"date":"2018-09-09T20:12:40","date_gmt":"2018-09-09T23:12:40","guid":{"rendered":"https:\/\/eldiariodesanpedro.com.ar\/sitio\/?p=39869"},"modified":"2018-09-09T20:12:40","modified_gmt":"2018-09-09T23:12:40","slug":"arrecifes-olaeta-cometemos-errores-pero-la-corrupcion-no-debe-volver-mas","status":"publish","type":"post","link":"https:\/\/eldiariodesanpedro.com.ar\/sitio\/arrecifes-olaeta-cometemos-errores-pero-la-corrupcion-no-debe-volver-mas\/","title":{"rendered":"ARRECIFES: Olaeta \u201cCometemos errores, pero la corrupci\u00f3n no debe volver m\u00e1s"},"content":{"rendered":"<p><!-- VideographyWP Plugin Message: Automatic video embedding prevented by plugin options. --><br \/>\nEl intendente de Arrecifes, Javier Olaeta, visit\u00f3 el \u00faltimo jueves los estudios de Radio Uno (107.1) en la semana m\u00e1s dif\u00edcil para el gobierno de Cambiemos desde que Mauricio Macri asumi\u00f3 como presidente de la Naci\u00f3n<\/p>\n<p>  El intendente de Arrecifes, Javier Olaeta, visit\u00f3 el \u00faltimo jueves los estudios de Radio Uno (107.1) en la semana m\u00e1s dif\u00edcil para el gobierno de Cambiemos desde que Mauricio Macri asumi\u00f3 como presidente de la Naci\u00f3n, con la consabida escalada del d\u00f3lar y de la inflaci\u00f3n que provoc\u00f3 una importante crisis econ\u00f3mica para la mayor\u00eda de los argentinos. Y sali\u00f3 a bancar al Gobierno.<\/p>\n<p>  Al respecto, el jefe comunal acept\u00f3 que \u201cla situaci\u00f3n preocupa, por supuesto. Nosotros estamos en permanente contacto con la gente y conocemos sus necesidades y la dif\u00edcil situaci\u00f3n econ\u00f3mica por la que estamos atravesando. No desconocemos ni negamos lo que est\u00e1 pasando. No somos necios\u201d.<\/p>\n<p>  No obstante, manifest\u00f3 que \u201cno tengo dudas de que vamos a salir adelante, que se va a estabilizar la econom\u00eda y que vamos a comenzar a crecer. Todos saben la situaci\u00f3n en la que el presidente Macri agarr\u00f3 el pa\u00eds, y lo encontr\u00f3 mucho peor de lo que pensaba.  De hecho, todav\u00eda siguen apareciendo problemas producto de la corrupci\u00f3n anterior. No son excusas, es la realidad. Como parte de Cambiemos tenemos que hacer autocr\u00edtica sobre los errores cometidos, algunos en el diagn\u00f3stico y otros en la ejecuci\u00f3n de pol\u00edticas econ\u00f3micas que no han dado resultado, pero estamos convencidos de que \u00e9ste es el camino. Debemos seguir achicando el Estado, que era un elefante imposible de mantener; y a fin de a\u00f1o tendremos una cosecha r\u00e9cord, por ejemplo, y eso va a influir positivamente\u201d.<\/p>\n<p><em>_ \u201cEl a\u00f1o pasado nos dec\u00eda lo mismo. Y desde que asumi\u00f3 Macri no paramos de estar cada vez peor\u201d.<br \/>\n_ \u201cS\u00ed, pero el a\u00f1o pasado la sequ\u00eda nos peg\u00f3 un golpe muy fuerte. Adem\u00e1s, la Argentina siempre tuvo una econom\u00eda endeble que hace que cualquier crisis externa nos afecte. Por ello, el trabajo es duro y cargado de complicaciones, pero para cambiar en serio al pa\u00eds tenemos que afrontar estas cuestiones y seguir con firmeza, corrigiendo lo que haya que corregir para pasar a ser definitivamente un pa\u00eds serio y estable\u201d.<br \/>\n_ \u201c\u00bfCree que esta -a nuestro criterio- mala gesti\u00f3n de Macri aumenta las chances de que el kirchnerismo vuelva al gobierno en 2019?\u201d<br \/>\n_ \u201cEn la Argentina nunca se puede predecir nada, pero entiendo que la corrupci\u00f3n no debe volver m\u00e1s. Le han causado much\u00edsimo da\u00f1o al pa\u00eds con todo lo que se han robado en sus 12 a\u00f1os de gobierno. Eso ya es innegable para todos. Ya no son sectores opositores los que lo dicen: luego de los cuadernos hay 19 pol\u00edticos y empresarios detenidos y arrepentidos que est\u00e1n contando todo lo que pas\u00f3, y son de ellos no de la oposici\u00f3n\u201d.<br \/>\n_ \u201cPero el macrismo, lejos de mejorar la situaci\u00f3n, la sigue empeorando\u2026\u201d<br \/>\n_ \u201cNo coincido en eso. Se han hecho muchas cosas positivas, especialmente en la obra p\u00fablica y en lo institucional, permitiendo que la Justicia pueda trabajar sin presiones pol\u00edticas, lo que no es poco para la democracia de un pa\u00eds.<br \/>\n  Como dije, reconozco que se han cometido errores y que hay que mejorar mucho la gesti\u00f3n. Como tambi\u00e9n nos equivocamos en nuestra gesti\u00f3n en Arrecifes. Hicimos much\u00edsimas cosas, pero no todas bien, y a\u00fan nos falta mucho. Pero no paramos de trabajar sin descanso y siempre con las mejores intenciones.<br \/>\n  Lo que s\u00ed tengo claro es que la corrupci\u00f3n no debe volver m\u00e1s; es un c\u00e1ncer al que debemos extirpar por completo\u201d. <\/em><\/p>\n<p>Fuente: Arrecifes Noticias<\/p>\n","protected":false},"excerpt":{"rendered":"<p>El intendente de Arrecifes, Javier Olaeta, visit\u00f3 el \u00faltimo jueves los estudios de Radio Uno (107.1) en la semana m\u00e1s dif\u00edcil para el gobierno de Cambiemos desde que Mauricio Macri asumi\u00f3 como presidente de la Naci\u00f3n El intendente de Arrecifes, Javier Olaeta, visit\u00f3 el \u00faltimo jueves los estudios de Radio Uno (107.1) en la semana [&hellip;]<\/p>\n","protected":false},"author":4,"featured_media":39871,"comment_status":"open","ping_status":"closed","sticky":false,"template":"","format":"standard","meta":{"om_disable_all_campaigns":false,"_jetpack_memberships_contains_paid_content":false,"footnotes":""},"categories":[621],"tags":[],"class_list":["post-39869","post","type-post","status-publish","format-standard","has-post-thumbnail","hentry","category-regionales"],"aioseo_notices":[],"gutentor_comment":0,"jetpack_featured_media_url":"https:\/\/eldiariodesanpedro.com.ar\/sitio\/wp-content\/uploads\/2018\/09\/Olaeta-Vidal-.jpg","jetpack_shortlink":"https:\/\/wp.me\/p6RhLt-an3","jetpack_sharing_enabled":true,"_links":{"self":[{"href":"https:\/\/eldiariodesanpedro.com.ar\/sitio\/wp-json\/wp\/v2\/posts\/39869","targetHints":{"allow":["GET"]}}],"collection":[{"href":"https:\/\/eldiariodesanpedro.com.ar\/sitio\/wp-json\/wp\/v2\/posts"}],"about":[{"href":"https:\/\/eldiariodesanpedro.com.ar\/sitio\/wp-json\/wp\/v2\/types\/post"}],"author":[{"embeddable":true,"href":"https:\/\/eldiariodesanpedro.com.ar\/sitio\/wp-json\/wp\/v2\/users\/4"}],"replies":[{"embeddable":true,"href":"https:\/\/eldiariodesanpedro.com.ar\/sitio\/wp-json\/wp\/v2\/comments?post=39869"}],"version-history":[{"count":1,"href":"https:\/\/eldiariodesanpedro.com.ar\/sitio\/wp-json\/wp\/v2\/posts\/39869\/revisions"}],"predecessor-version":[{"id":39874,"href":"https:\/\/eldiariodesanpedro.com.ar\/sitio\/wp-json\/wp\/v2\/posts\/39869\/revisions\/39874"}],"wp:featuredmedia":[{"embeddable":true,"href":"https:\/\/eldiariodesanpedro.com.ar\/sitio\/wp-json\/wp\/v2\/media\/39871"}],"wp:attachment":[{"href":"https:\/\/eldiariodesanpedro.com.ar\/sitio\/wp-json\/wp\/v2\/media?parent=39869"}],"wp:term":[{"taxonomy":"category","embeddable":true,"href":"https:\/\/eldiariodesanpedro.com.ar\/sitio\/wp-json\/wp\/v2\/categories?post=39869"},{"taxonomy":"post_tag","embeddable":true,"href":"https:\/\/eldiariodesanpedro.com.ar\/sitio\/wp-json\/wp\/v2\/tags?post=39869"}],"curies":[{"name":"wp","href":"https:\/\/api.w.org\/{rel}","templated":true}]}}