{"id":39866,"date":"2018-09-09T20:09:27","date_gmt":"2018-09-09T23:09:27","guid":{"rendered":"https:\/\/eldiariodesanpedro.com.ar\/sitio\/?p=39866"},"modified":"2018-09-09T20:09:27","modified_gmt":"2018-09-09T23:09:27","slug":"zarate-preso-beneficiado-dirigia-una-banda-de-asaltantes","status":"publish","type":"post","link":"https:\/\/eldiariodesanpedro.com.ar\/sitio\/zarate-preso-beneficiado-dirigia-una-banda-de-asaltantes\/","title":{"rendered":"Z\u00c1RATE: Preso beneficiado dirig\u00eda una banda de asaltantes"},"content":{"rendered":"<p><!-- VideographyWP Plugin Message: Automatic video embedding prevented by plugin options. --><br \/>\nPesquisas policiales de la Direcci\u00f3n Departamental de Investigaciones (D.D.I.) de Z\u00e1rate-Campana lograron desbaratar una peligrosa banda de asaltantes que era dirigida por un preso de la c\u00e1rcel de Campana, a quien la Justicia le hab\u00eda concedido el beneficio de salidas transitorias.<\/p>\n<p>  El hombre aprovechaba la situaci\u00f3n para liderar la \u201cbanda\u201d de asaltantes y, debido a su peligrosidad, fue apresado por los servidores p\u00fablicos dentro del establecimiento penitenciario. A su vez los efectivos a cargo de concretar estas diligencias capturaron a otros 3 integrantes de la organizaci\u00f3n (2 hombres y una mujer).<br \/>\n  Los voceros del departamento judicial de Z\u00e1rate-Campana revelaron que los investigadores, como consecuencia de la peligrosidad del sospechoso, resolvieron adoptar precauciones y por este motivo apresaron al l\u00edder del grupo de ladrones, llamado Mat\u00edas, de 24 a\u00f1os, en el interior de la Unidad Penitenciaria N\u00b0 21, que se encuentra situada en el kil\u00f3metro 5,500 de la ruta provincial 6, en el norte del Gran Buenos Aires.<br \/>\n  De acuerdo a lo manifestado por los informantes, los polic\u00edas adem\u00e1s capturaron a 2 hombres de 45 y 19 a\u00f1os, y a una joven de 18, que tambi\u00e9n eran parte de la banda de forajidos. Versiones sostienen que a los involucrados en los il\u00edcitos les incautaron varias prendas de vestir que son compatibles con las que utilizaban cuando llevaban a cabo los asaltos.<\/p>\n<p><strong>Veh\u00edculo<\/strong><br \/>\n  Trascendi\u00f3 que las diligencias investigativas comenzaron a ra\u00edz de la sustracci\u00f3n de una motocicleta Honda CG de 150cc el 15 de junio pasado, en jurisdicci\u00f3n de la localidad de Z\u00e1rate, pero se sabe que los implicados consumaron otros robos de manera reciente en el vecindario. Intervino en dicha causa la Unidad Funcional N\u00b0 7 y el Juzgado de Garant\u00edas N\u00b0 1 de los tribunales de Z\u00e1rate- Campana.<\/p>\n<p>Fuente: Z\u00e1rate Alerta<\/p>\n","protected":false},"excerpt":{"rendered":"<p>Pesquisas policiales de la Direcci\u00f3n Departamental de Investigaciones (D.D.I.) de Z\u00e1rate-Campana lograron desbaratar una peligrosa banda de asaltantes que era dirigida por un preso de la c\u00e1rcel de Campana, a quien la Justicia le hab\u00eda concedido el beneficio de salidas transitorias. El hombre aprovechaba la situaci\u00f3n para liderar la \u201cbanda\u201d de asaltantes y, debido a [&hellip;]<\/p>\n","protected":false},"author":4,"featured_media":39868,"comment_status":"open","ping_status":"closed","sticky":false,"template":"","format":"standard","meta":{"om_disable_all_campaigns":false,"_jetpack_memberships_contains_paid_content":false,"footnotes":""},"categories":[621],"tags":[],"class_list":["post-39866","post","type-post","status-publish","format-standard","has-post-thumbnail","hentry","category-regionales"],"aioseo_notices":[],"gutentor_comment":0,"jetpack_featured_media_url":"https:\/\/eldiariodesanpedro.com.ar\/sitio\/wp-content\/uploads\/2018\/09\/Preso-beneficiado-dirig\u00eda-una-banda-de-asaltantes.jpg","jetpack_shortlink":"https:\/\/wp.me\/p6RhLt-an0","jetpack_sharing_enabled":true,"_links":{"self":[{"href":"https:\/\/eldiariodesanpedro.com.ar\/sitio\/wp-json\/wp\/v2\/posts\/39866","targetHints":{"allow":["GET"]}}],"collection":[{"href":"https:\/\/eldiariodesanpedro.com.ar\/sitio\/wp-json\/wp\/v2\/posts"}],"about":[{"href":"https:\/\/eldiariodesanpedro.com.ar\/sitio\/wp-json\/wp\/v2\/types\/post"}],"author":[{"embeddable":true,"href":"https:\/\/eldiariodesanpedro.com.ar\/sitio\/wp-json\/wp\/v2\/users\/4"}],"replies":[{"embeddable":true,"href":"https:\/\/eldiariodesanpedro.com.ar\/sitio\/wp-json\/wp\/v2\/comments?post=39866"}],"version-history":[{"count":1,"href":"https:\/\/eldiariodesanpedro.com.ar\/sitio\/wp-json\/wp\/v2\/posts\/39866\/revisions"}],"predecessor-version":[{"id":39870,"href":"https:\/\/eldiariodesanpedro.com.ar\/sitio\/wp-json\/wp\/v2\/posts\/39866\/revisions\/39870"}],"wp:featuredmedia":[{"embeddable":true,"href":"https:\/\/eldiariodesanpedro.com.ar\/sitio\/wp-json\/wp\/v2\/media\/39868"}],"wp:attachment":[{"href":"https:\/\/eldiariodesanpedro.com.ar\/sitio\/wp-json\/wp\/v2\/media?parent=39866"}],"wp:term":[{"taxonomy":"category","embeddable":true,"href":"https:\/\/eldiariodesanpedro.com.ar\/sitio\/wp-json\/wp\/v2\/categories?post=39866"},{"taxonomy":"post_tag","embeddable":true,"href":"https:\/\/eldiariodesanpedro.com.ar\/sitio\/wp-json\/wp\/v2\/tags?post=39866"}],"curies":[{"name":"wp","href":"https:\/\/api.w.org\/{rel}","templated":true}]}}