{"id":39862,"date":"2018-09-08T10:54:01","date_gmt":"2018-09-08T13:54:01","guid":{"rendered":"https:\/\/eldiariodesanpedro.com.ar\/sitio\/?p=39862"},"modified":"2018-09-08T10:54:01","modified_gmt":"2018-09-08T13:54:01","slug":"robaron-un-motor-electrico-de-la-escuela-n41-del-paraje-tablas","status":"publish","type":"post","link":"https:\/\/eldiariodesanpedro.com.ar\/sitio\/robaron-un-motor-electrico-de-la-escuela-n41-del-paraje-tablas\/","title":{"rendered":"Robaron un motor el\u00e9ctrico de la Escuela N\u00b041 del Paraje Tablas"},"content":{"rendered":"<p><!-- VideographyWP Plugin Message: Automatic video embedding prevented by plugin options. --><br \/>\nDelincuentes ingresaron al establecimiento de la localidad vecina de Gobernador Castro, situada en camino Real s\/n de Paraje Tablas, y sin ejercer violencia se llevaron un motor el\u00e9ctrico.<\/p>\n<p>El hecho delictivo ocurri\u00f3 este viernes, cuando la Directora de la Escuela, una mujer  de 41 a\u00f1os de edad, quien vive en la misma localidad, constata que al llegar faltaba el motor el\u00e9ctrico que estaba conectado a una bomba de agua; los delincuentes no ejercieron violencia alguna.<\/p>\n<p>investiga el hecho la fiscal\u00eda en turno de san pedro<\/p>\n","protected":false},"excerpt":{"rendered":"<p>Delincuentes ingresaron al establecimiento de la localidad vecina de Gobernador Castro, situada en camino Real s\/n de Paraje Tablas, y sin ejercer violencia se llevaron un motor el\u00e9ctrico. El hecho delictivo ocurri\u00f3 este viernes, cuando la Directora de la Escuela, una mujer de 41 a\u00f1os de edad, quien vive en la misma localidad, constata que [&hellip;]<\/p>\n","protected":false},"author":4,"featured_media":3467,"comment_status":"open","ping_status":"closed","sticky":false,"template":"","format":"standard","meta":{"om_disable_all_campaigns":false,"_jetpack_memberships_contains_paid_content":false,"footnotes":""},"categories":[2,103],"tags":[],"class_list":["post-39862","post","type-post","status-publish","format-standard","has-post-thumbnail","hentry","category-locales","category-policiales-locales"],"aioseo_notices":[],"gutentor_comment":0,"jetpack_featured_media_url":"https:\/\/eldiariodesanpedro.com.ar\/sitio\/wp-content\/uploads\/2016\/04\/patrulla-rural-e1454594817773.jpg","jetpack_shortlink":"https:\/\/wp.me\/p6RhLt-amW","jetpack_sharing_enabled":true,"_links":{"self":[{"href":"https:\/\/eldiariodesanpedro.com.ar\/sitio\/wp-json\/wp\/v2\/posts\/39862","targetHints":{"allow":["GET"]}}],"collection":[{"href":"https:\/\/eldiariodesanpedro.com.ar\/sitio\/wp-json\/wp\/v2\/posts"}],"about":[{"href":"https:\/\/eldiariodesanpedro.com.ar\/sitio\/wp-json\/wp\/v2\/types\/post"}],"author":[{"embeddable":true,"href":"https:\/\/eldiariodesanpedro.com.ar\/sitio\/wp-json\/wp\/v2\/users\/4"}],"replies":[{"embeddable":true,"href":"https:\/\/eldiariodesanpedro.com.ar\/sitio\/wp-json\/wp\/v2\/comments?post=39862"}],"version-history":[{"count":1,"href":"https:\/\/eldiariodesanpedro.com.ar\/sitio\/wp-json\/wp\/v2\/posts\/39862\/revisions"}],"predecessor-version":[{"id":39863,"href":"https:\/\/eldiariodesanpedro.com.ar\/sitio\/wp-json\/wp\/v2\/posts\/39862\/revisions\/39863"}],"wp:featuredmedia":[{"embeddable":true,"href":"https:\/\/eldiariodesanpedro.com.ar\/sitio\/wp-json\/wp\/v2\/media\/3467"}],"wp:attachment":[{"href":"https:\/\/eldiariodesanpedro.com.ar\/sitio\/wp-json\/wp\/v2\/media?parent=39862"}],"wp:term":[{"taxonomy":"category","embeddable":true,"href":"https:\/\/eldiariodesanpedro.com.ar\/sitio\/wp-json\/wp\/v2\/categories?post=39862"},{"taxonomy":"post_tag","embeddable":true,"href":"https:\/\/eldiariodesanpedro.com.ar\/sitio\/wp-json\/wp\/v2\/tags?post=39862"}],"curies":[{"name":"wp","href":"https:\/\/api.w.org\/{rel}","templated":true}]}}