{"id":39860,"date":"2018-09-08T10:43:34","date_gmt":"2018-09-08T13:43:34","guid":{"rendered":"https:\/\/eldiariodesanpedro.com.ar\/sitio\/?p=39860"},"modified":"2018-09-08T10:43:34","modified_gmt":"2018-09-08T13:43:34","slug":"secuestro-de-un-automovil-por-prohibicion-de-circular","status":"publish","type":"post","link":"https:\/\/eldiariodesanpedro.com.ar\/sitio\/secuestro-de-un-automovil-por-prohibicion-de-circular\/","title":{"rendered":"Secuestro de un autom\u00f3vil por prohibici\u00f3n de circular"},"content":{"rendered":"<p><!-- VideographyWP Plugin Message: Automatic video embedding prevented by plugin options. --><br \/>\nEste viernes por la tarde,  en la localidad vecina de Gobernador Castro, en marco de constantes operativos de interceptacion vehicular se procedi\u00f3 al secuestro de un autom\u00f3vil que tenia prohibici\u00f3n de circular. Se retuvo la tarjeta verde al conductor y se lo traslado al deposito Municipal.<\/p>\n<p>El cumplimiento del personal policial se dio en intersecci\u00f3n de las calles  Camino Guzzo y Ruta Lucio Mansilla donde a trav\u00e9s del sistema inform\u00e1tico operativo se pudo constatar que el autom\u00f3vil marca Renault 18 conducido por un hombre de 56 a\u00f1os de edad, tenia prohibici\u00f3n de circular.<\/p>\n<p>Como consecuencia se retuvo la c\u00e9dula verde y se procedi\u00f3  al secuestro del rodado con intervenci\u00f3n del Juzgado de Falta San Pedro, labrando personal de inspecci\u00f3n Municipal la correspondiente infracci\u00f3n y quedando secuestrado y alojado dicho rodado en dep\u00f3sito municipal.<\/p>\n<p>Tambien en nuestra ciudad, en el mismo marco operativo que venia trabajando el personal policial conjuntamente con personal vial, proceden a la aprehensi\u00f3n de un ciudadano de 33 a\u00f1os, quien es interceptado en Ruta 191 y Ruta 9, donde es identificado, posteriormente al cursar sus datos a Radio Estaci\u00f3n San Nicol\u00e1s, donde se corrobora que posee un pedido activo en marco de Causa Judicial violaci\u00f3n de domicilio y otros delitos, a requerimiento del Juzgado Correccional Departamento Judicial de San Fernando, del corriente a\u00f1o. <\/p>\n<p>Se cumplimentaron recaudos ordenados por ese magistrado interviniente.<\/p>\n","protected":false},"excerpt":{"rendered":"<p>Este viernes por la tarde, en la localidad vecina de Gobernador Castro, en marco de constantes operativos de interceptacion vehicular se procedi\u00f3 al secuestro de un autom\u00f3vil que tenia prohibici\u00f3n de circular. Se retuvo la tarjeta verde al conductor y se lo traslado al deposito Municipal. El cumplimiento del personal policial se dio en intersecci\u00f3n [&hellip;]<\/p>\n","protected":false},"author":4,"featured_media":5580,"comment_status":"open","ping_status":"closed","sticky":false,"template":"","format":"standard","meta":{"om_disable_all_campaigns":false,"_jetpack_memberships_contains_paid_content":false,"footnotes":""},"categories":[2,103],"tags":[],"class_list":["post-39860","post","type-post","status-publish","format-standard","has-post-thumbnail","hentry","category-locales","category-policiales-locales"],"aioseo_notices":[],"gutentor_comment":0,"jetpack_featured_media_url":"https:\/\/eldiariodesanpedro.com.ar\/sitio\/wp-content\/uploads\/2016\/06\/controles-operativo-saturacion.jpg","jetpack_shortlink":"https:\/\/wp.me\/p6RhLt-amU","jetpack_sharing_enabled":true,"_links":{"self":[{"href":"https:\/\/eldiariodesanpedro.com.ar\/sitio\/wp-json\/wp\/v2\/posts\/39860","targetHints":{"allow":["GET"]}}],"collection":[{"href":"https:\/\/eldiariodesanpedro.com.ar\/sitio\/wp-json\/wp\/v2\/posts"}],"about":[{"href":"https:\/\/eldiariodesanpedro.com.ar\/sitio\/wp-json\/wp\/v2\/types\/post"}],"author":[{"embeddable":true,"href":"https:\/\/eldiariodesanpedro.com.ar\/sitio\/wp-json\/wp\/v2\/users\/4"}],"replies":[{"embeddable":true,"href":"https:\/\/eldiariodesanpedro.com.ar\/sitio\/wp-json\/wp\/v2\/comments?post=39860"}],"version-history":[{"count":1,"href":"https:\/\/eldiariodesanpedro.com.ar\/sitio\/wp-json\/wp\/v2\/posts\/39860\/revisions"}],"predecessor-version":[{"id":39861,"href":"https:\/\/eldiariodesanpedro.com.ar\/sitio\/wp-json\/wp\/v2\/posts\/39860\/revisions\/39861"}],"wp:featuredmedia":[{"embeddable":true,"href":"https:\/\/eldiariodesanpedro.com.ar\/sitio\/wp-json\/wp\/v2\/media\/5580"}],"wp:attachment":[{"href":"https:\/\/eldiariodesanpedro.com.ar\/sitio\/wp-json\/wp\/v2\/media?parent=39860"}],"wp:term":[{"taxonomy":"category","embeddable":true,"href":"https:\/\/eldiariodesanpedro.com.ar\/sitio\/wp-json\/wp\/v2\/categories?post=39860"},{"taxonomy":"post_tag","embeddable":true,"href":"https:\/\/eldiariodesanpedro.com.ar\/sitio\/wp-json\/wp\/v2\/tags?post=39860"}],"curies":[{"name":"wp","href":"https:\/\/api.w.org\/{rel}","templated":true}]}}