{"id":39855,"date":"2018-09-08T10:27:00","date_gmt":"2018-09-08T13:27:00","guid":{"rendered":"https:\/\/eldiariodesanpedro.com.ar\/sitio\/?p=39855"},"modified":"2018-09-08T10:27:00","modified_gmt":"2018-09-08T13:27:00","slug":"este-domingo-se-realizara-la-colecta-nacional-mas-por-menos-2018","status":"publish","type":"post","link":"https:\/\/eldiariodesanpedro.com.ar\/sitio\/este-domingo-se-realizara-la-colecta-nacional-mas-por-menos-2018\/","title":{"rendered":"Este domingo se realizara la Colecta Nacional \u00abMas por Menos 2018\u00bb"},"content":{"rendered":"<p><!-- VideographyWP Plugin Message: Automatic video embedding prevented by plugin options. --><br \/>\nEste domingo 9 de Septiembre se realizara la colecta Nacional Mas por Menos en todas las Parroquias, Colegios, Capillas e Instituciones cat\u00f3licas de nuestro pa\u00eds bajo el lema \u00abSumemos Juntos a la Mesa de Todos\u00bb.<\/p>\n<p>Sera la 49 edici\u00f3n de esta obra, organizada por la Comisi\u00f3n Episcopal de Ayuda a las Regiones mas necesitadas, dependiente de la Conferencia Episcopal Argentina.<\/p>\n<p>Mas por Menos a trav\u00e9s de sus 49 a\u00f1os de vida ha demostrado ser un canal confiable y valido para que la Iglesia pueda accionar en la Promoci\u00f3n Humana, Social y Pastoral en las zonas mas necesitadas de Argentina. Su recaudaci\u00f3n permitir\u00e1 dando respuestas a una gran variedad de proyectos: comedores infantiles y populares, construcci\u00f3n de vivienda por el sistema ayuda mutua, emprendimientos laborales, apoyo a hogares para ni\u00f1os y ancianos, construcci\u00f3n y equipamiento de salones multiuso, apoyo a establecimientos educativos, centros de salud, talleres de artes y oficios, y tambi\u00e9n para la labor pastoral y situaciones de cat\u00e1strofe.<\/p>\n<p>Las donaciones a Mas por Menos, ademas del d\u00eda de la colecta en el \u00e1mbito religioso, pueden efectuarse durante todo el a\u00f1o bajo distintas formas de colaboraci\u00f3n: Tarjetas de Cr\u00e9ditos, Transferencias y Dep\u00f3sitos Bancarios o a trav\u00e9s de cualquier sucursal de Pago F\u00e1cil del Pa\u00eds.<\/p>\n<p><img decoding=\"async\" data-attachment-id=\"39856\" data-permalink=\"https:\/\/eldiariodesanpedro.com.ar\/sitio\/este-domingo-se-realizara-la-colecta-nacional-mas-por-menos-2018\/aviso-en-a5-color\/\" data-orig-file=\"https:\/\/eldiariodesanpedro.com.ar\/sitio\/wp-content\/uploads\/2018\/09\/Aviso-en-A5-Color.jpg\" data-orig-size=\"1754,2481\" data-comments-opened=\"1\" data-image-meta=\"{&quot;aperture&quot;:&quot;0&quot;,&quot;credit&quot;:&quot;&quot;,&quot;camera&quot;:&quot;&quot;,&quot;caption&quot;:&quot;&quot;,&quot;created_timestamp&quot;:&quot;0&quot;,&quot;copyright&quot;:&quot;&quot;,&quot;focal_length&quot;:&quot;0&quot;,&quot;iso&quot;:&quot;0&quot;,&quot;shutter_speed&quot;:&quot;0&quot;,&quot;title&quot;:&quot;&quot;,&quot;orientation&quot;:&quot;1&quot;}\" data-image-title=\"Aviso en A5 Color[\" data-image-description=\"\" data-image-caption=\"\" data-large-file=\"https:\/\/eldiariodesanpedro.com.ar\/sitio\/wp-content\/uploads\/2018\/09\/Aviso-en-A5-Color-724x1024.jpg\" data-src=\"https:\/\/eldiariodesanpedro.com.ar\/sitio\/wp-content\/uploads\/2018\/09\/Aviso-en-A5-Color-724x1024.jpg\" alt=\"\" width=\"660\" height=\"933\" class=\"alignnone size-large wp-image-39856 lazyload\" data-srcset=\"https:\/\/eldiariodesanpedro.com.ar\/sitio\/wp-content\/uploads\/2018\/09\/Aviso-en-A5-Color-724x1024.jpg 724w, https:\/\/eldiariodesanpedro.com.ar\/sitio\/wp-content\/uploads\/2018\/09\/Aviso-en-A5-Color-212x300.jpg 212w, https:\/\/eldiariodesanpedro.com.ar\/sitio\/wp-content\/uploads\/2018\/09\/Aviso-en-A5-Color-768x1086.jpg 768w, https:\/\/eldiariodesanpedro.com.ar\/sitio\/wp-content\/uploads\/2018\/09\/Aviso-en-A5-Color.jpg 1754w\" data-sizes=\"(max-width: 660px) 100vw, 660px\" src=\"data:image\/svg+xml;base64,PHN2ZyB3aWR0aD0iMSIgaGVpZ2h0PSIxIiB4bWxucz0iaHR0cDovL3d3dy53My5vcmcvMjAwMC9zdmciPjwvc3ZnPg==\" style=\"--smush-placeholder-width: 660px; --smush-placeholder-aspect-ratio: 660\/933;\" \/><\/p>\n<p><img decoding=\"async\" data-attachment-id=\"39857\" data-permalink=\"https:\/\/eldiariodesanpedro.com.ar\/sitio\/este-domingo-se-realizara-la-colecta-nacional-mas-por-menos-2018\/banner-300x3002\/\" data-orig-file=\"https:\/\/eldiariodesanpedro.com.ar\/sitio\/wp-content\/uploads\/2018\/09\/Banner-300x3002.jpg\" data-orig-size=\"300,300\" data-comments-opened=\"1\" data-image-meta=\"{&quot;aperture&quot;:&quot;0&quot;,&quot;credit&quot;:&quot;&quot;,&quot;camera&quot;:&quot;&quot;,&quot;caption&quot;:&quot;&quot;,&quot;created_timestamp&quot;:&quot;0&quot;,&quot;copyright&quot;:&quot;&quot;,&quot;focal_length&quot;:&quot;0&quot;,&quot;iso&quot;:&quot;0&quot;,&quot;shutter_speed&quot;:&quot;0&quot;,&quot;title&quot;:&quot;&quot;,&quot;orientation&quot;:&quot;1&quot;}\" data-image-title=\"Banner 300&amp;#215;300[2]\" data-image-description=\"\" data-image-caption=\"\" data-large-file=\"https:\/\/eldiariodesanpedro.com.ar\/sitio\/wp-content\/uploads\/2018\/09\/Banner-300x3002.jpg\" data-src=\"https:\/\/eldiariodesanpedro.com.ar\/sitio\/wp-content\/uploads\/2018\/09\/Banner-300x3002.jpg\" alt=\"\" width=\"300\" height=\"300\" class=\"alignnone size-large wp-image-39857 lazyload\" data-srcset=\"https:\/\/eldiariodesanpedro.com.ar\/sitio\/wp-content\/uploads\/2018\/09\/Banner-300x3002.jpg 300w, https:\/\/eldiariodesanpedro.com.ar\/sitio\/wp-content\/uploads\/2018\/09\/Banner-300x3002-150x150.jpg 150w\" data-sizes=\"(max-width: 300px) 100vw, 300px\" src=\"data:image\/svg+xml;base64,PHN2ZyB3aWR0aD0iMSIgaGVpZ2h0PSIxIiB4bWxucz0iaHR0cDovL3d3dy53My5vcmcvMjAwMC9zdmciPjwvc3ZnPg==\" style=\"--smush-placeholder-width: 300px; --smush-placeholder-aspect-ratio: 300\/300;\" \/><\/p>\n","protected":false},"excerpt":{"rendered":"<p>Este domingo 9 de Septiembre se realizara la colecta Nacional Mas por Menos en todas las Parroquias, Colegios, Capillas e Instituciones cat\u00f3licas de nuestro pa\u00eds bajo el lema \u00abSumemos Juntos a la Mesa de Todos\u00bb. Sera la 49 edici\u00f3n de esta obra, organizada por la Comisi\u00f3n Episcopal de Ayuda a las Regiones mas necesitadas, dependiente [&hellip;]<\/p>\n","protected":false},"author":4,"featured_media":39858,"comment_status":"open","ping_status":"closed","sticky":false,"template":"","format":"standard","meta":{"om_disable_all_campaigns":false,"_jetpack_memberships_contains_paid_content":false,"footnotes":""},"categories":[101,2],"tags":[],"class_list":["post-39855","post","type-post","status-publish","format-standard","has-post-thumbnail","hentry","category-interes-general-locales","category-locales"],"aioseo_notices":[],"gutentor_comment":0,"jetpack_featured_media_url":"https:\/\/eldiariodesanpedro.com.ar\/sitio\/wp-content\/uploads\/2018\/09\/COLECTA.jpg","jetpack_shortlink":"https:\/\/wp.me\/p6RhLt-amP","jetpack_sharing_enabled":true,"_links":{"self":[{"href":"https:\/\/eldiariodesanpedro.com.ar\/sitio\/wp-json\/wp\/v2\/posts\/39855","targetHints":{"allow":["GET"]}}],"collection":[{"href":"https:\/\/eldiariodesanpedro.com.ar\/sitio\/wp-json\/wp\/v2\/posts"}],"about":[{"href":"https:\/\/eldiariodesanpedro.com.ar\/sitio\/wp-json\/wp\/v2\/types\/post"}],"author":[{"embeddable":true,"href":"https:\/\/eldiariodesanpedro.com.ar\/sitio\/wp-json\/wp\/v2\/users\/4"}],"replies":[{"embeddable":true,"href":"https:\/\/eldiariodesanpedro.com.ar\/sitio\/wp-json\/wp\/v2\/comments?post=39855"}],"version-history":[{"count":1,"href":"https:\/\/eldiariodesanpedro.com.ar\/sitio\/wp-json\/wp\/v2\/posts\/39855\/revisions"}],"predecessor-version":[{"id":39859,"href":"https:\/\/eldiariodesanpedro.com.ar\/sitio\/wp-json\/wp\/v2\/posts\/39855\/revisions\/39859"}],"wp:featuredmedia":[{"embeddable":true,"href":"https:\/\/eldiariodesanpedro.com.ar\/sitio\/wp-json\/wp\/v2\/media\/39858"}],"wp:attachment":[{"href":"https:\/\/eldiariodesanpedro.com.ar\/sitio\/wp-json\/wp\/v2\/media?parent=39855"}],"wp:term":[{"taxonomy":"category","embeddable":true,"href":"https:\/\/eldiariodesanpedro.com.ar\/sitio\/wp-json\/wp\/v2\/categories?post=39855"},{"taxonomy":"post_tag","embeddable":true,"href":"https:\/\/eldiariodesanpedro.com.ar\/sitio\/wp-json\/wp\/v2\/tags?post=39855"}],"curies":[{"name":"wp","href":"https:\/\/api.w.org\/{rel}","templated":true}]}}