{"id":39850,"date":"2018-09-08T09:57:04","date_gmt":"2018-09-08T12:57:04","guid":{"rendered":"https:\/\/eldiariodesanpedro.com.ar\/sitio\/?p=39850"},"modified":"2018-09-08T09:57:59","modified_gmt":"2018-09-08T12:57:59","slug":"hoy-banderazo-nacional-contra-macri-en-nuestra-ciudad","status":"publish","type":"post","link":"https:\/\/eldiariodesanpedro.com.ar\/sitio\/hoy-banderazo-nacional-contra-macri-en-nuestra-ciudad\/","title":{"rendered":"Hoy, Banderazo Nacional contra Macri en nuestra ciudad"},"content":{"rendered":"<p><!-- VideographyWP Plugin Message: Automatic video embedding prevented by plugin options. --><br \/>\nLa concentraci\u00f3n fue programada para este sabado a las 11 de la ma\u00f1ana, sobre  la Ruta 9, a la altura de R\u00edo Tala.<\/p>\n<p>Organizaciones pol\u00edticas y sociales opositoras al actual gobierno, llevar\u00e1n adelante una protesta en el acceso a San Pedro. <\/p>\n<p>La convocatoria invita a los participantes a llevar banderas argentinas y no partidarias. Las consignas son \u00abFuerza Argentina\u00bb y \u00abBasta Macri\u00bb. <\/p>\n<p>Reclamos similares se realizaron en las \u00faltimas semanas en distintos puntos del pa\u00eds. <\/p>\n<p><img decoding=\"async\" data-attachment-id=\"39851\" data-permalink=\"https:\/\/eldiariodesanpedro.com.ar\/sitio\/hoy-banderazo-nacional-contra-macri-en-nuestra-ciudad\/banderazo-nacional-3\/\" data-orig-file=\"https:\/\/eldiariodesanpedro.com.ar\/sitio\/wp-content\/uploads\/2018\/09\/Banderazo-nacional-3.jpg\" data-orig-size=\"1280,1245\" data-comments-opened=\"1\" data-image-meta=\"{&quot;aperture&quot;:&quot;0&quot;,&quot;credit&quot;:&quot;&quot;,&quot;camera&quot;:&quot;&quot;,&quot;caption&quot;:&quot;&quot;,&quot;created_timestamp&quot;:&quot;0&quot;,&quot;copyright&quot;:&quot;&quot;,&quot;focal_length&quot;:&quot;0&quot;,&quot;iso&quot;:&quot;0&quot;,&quot;shutter_speed&quot;:&quot;0&quot;,&quot;title&quot;:&quot;&quot;,&quot;orientation&quot;:&quot;0&quot;}\" data-image-title=\"Banderazo nacional 3\" data-image-description=\"\" data-image-caption=\"\" data-large-file=\"https:\/\/eldiariodesanpedro.com.ar\/sitio\/wp-content\/uploads\/2018\/09\/Banderazo-nacional-3-1024x996.jpg\" data-src=\"https:\/\/eldiariodesanpedro.com.ar\/sitio\/wp-content\/uploads\/2018\/09\/Banderazo-nacional-3-1024x996.jpg\" alt=\"\" width=\"660\" height=\"642\" class=\"alignnone size-large wp-image-39851 lazyload\" data-srcset=\"https:\/\/eldiariodesanpedro.com.ar\/sitio\/wp-content\/uploads\/2018\/09\/Banderazo-nacional-3-1024x996.jpg 1024w, https:\/\/eldiariodesanpedro.com.ar\/sitio\/wp-content\/uploads\/2018\/09\/Banderazo-nacional-3-300x292.jpg 300w, https:\/\/eldiariodesanpedro.com.ar\/sitio\/wp-content\/uploads\/2018\/09\/Banderazo-nacional-3-768x747.jpg 768w, https:\/\/eldiariodesanpedro.com.ar\/sitio\/wp-content\/uploads\/2018\/09\/Banderazo-nacional-3.jpg 1280w\" data-sizes=\"(max-width: 660px) 100vw, 660px\" src=\"data:image\/svg+xml;base64,PHN2ZyB3aWR0aD0iMSIgaGVpZ2h0PSIxIiB4bWxucz0iaHR0cDovL3d3dy53My5vcmcvMjAwMC9zdmciPjwvc3ZnPg==\" style=\"--smush-placeholder-width: 660px; --smush-placeholder-aspect-ratio: 660\/642;\" \/><\/p>\n","protected":false},"excerpt":{"rendered":"<p>La concentraci\u00f3n fue programada para este sabado a las 11 de la ma\u00f1ana, sobre la Ruta 9, a la altura de R\u00edo Tala. Organizaciones pol\u00edticas y sociales opositoras al actual gobierno, llevar\u00e1n adelante una protesta en el acceso a San Pedro. La convocatoria invita a los participantes a llevar banderas argentinas y no partidarias. Las [&hellip;]<\/p>\n","protected":false},"author":4,"featured_media":39852,"comment_status":"open","ping_status":"closed","sticky":false,"template":"","format":"standard","meta":{"om_disable_all_campaigns":false,"_jetpack_memberships_contains_paid_content":false,"footnotes":""},"categories":[101,2],"tags":[],"class_list":["post-39850","post","type-post","status-publish","format-standard","has-post-thumbnail","hentry","category-interes-general-locales","category-locales"],"aioseo_notices":[],"gutentor_comment":0,"jetpack_featured_media_url":"https:\/\/eldiariodesanpedro.com.ar\/sitio\/wp-content\/uploads\/2018\/09\/multimedia.normal.beb34bdc1321f2e4.6d617263686120636f6e74726120666d6920325f6e6f726d616c2e6a7067.jpg","jetpack_shortlink":"https:\/\/wp.me\/p6RhLt-amK","jetpack_sharing_enabled":true,"_links":{"self":[{"href":"https:\/\/eldiariodesanpedro.com.ar\/sitio\/wp-json\/wp\/v2\/posts\/39850","targetHints":{"allow":["GET"]}}],"collection":[{"href":"https:\/\/eldiariodesanpedro.com.ar\/sitio\/wp-json\/wp\/v2\/posts"}],"about":[{"href":"https:\/\/eldiariodesanpedro.com.ar\/sitio\/wp-json\/wp\/v2\/types\/post"}],"author":[{"embeddable":true,"href":"https:\/\/eldiariodesanpedro.com.ar\/sitio\/wp-json\/wp\/v2\/users\/4"}],"replies":[{"embeddable":true,"href":"https:\/\/eldiariodesanpedro.com.ar\/sitio\/wp-json\/wp\/v2\/comments?post=39850"}],"version-history":[{"count":2,"href":"https:\/\/eldiariodesanpedro.com.ar\/sitio\/wp-json\/wp\/v2\/posts\/39850\/revisions"}],"predecessor-version":[{"id":39854,"href":"https:\/\/eldiariodesanpedro.com.ar\/sitio\/wp-json\/wp\/v2\/posts\/39850\/revisions\/39854"}],"wp:featuredmedia":[{"embeddable":true,"href":"https:\/\/eldiariodesanpedro.com.ar\/sitio\/wp-json\/wp\/v2\/media\/39852"}],"wp:attachment":[{"href":"https:\/\/eldiariodesanpedro.com.ar\/sitio\/wp-json\/wp\/v2\/media?parent=39850"}],"wp:term":[{"taxonomy":"category","embeddable":true,"href":"https:\/\/eldiariodesanpedro.com.ar\/sitio\/wp-json\/wp\/v2\/categories?post=39850"},{"taxonomy":"post_tag","embeddable":true,"href":"https:\/\/eldiariodesanpedro.com.ar\/sitio\/wp-json\/wp\/v2\/tags?post=39850"}],"curies":[{"name":"wp","href":"https:\/\/api.w.org\/{rel}","templated":true}]}}