{"id":39847,"date":"2018-09-08T09:51:29","date_gmt":"2018-09-08T12:51:29","guid":{"rendered":"https:\/\/eldiariodesanpedro.com.ar\/sitio\/?p=39847"},"modified":"2018-09-08T09:51:29","modified_gmt":"2018-09-08T12:51:29","slug":"campana-el-bloque-pj-unidad-ciudadana-presento-un-proyecto-para-crear-un-taller-municipal-de-ingles","status":"publish","type":"post","link":"https:\/\/eldiariodesanpedro.com.ar\/sitio\/campana-el-bloque-pj-unidad-ciudadana-presento-un-proyecto-para-crear-un-taller-municipal-de-ingles\/","title":{"rendered":"CAMPANA: El Bloque PJ Unidad Ciudadana present\u00f3 un proyecto para crear un taller municipal de ingl\u00e9s"},"content":{"rendered":"<p><!-- VideographyWP Plugin Message: Automatic video embedding prevented by plugin options. --><br \/>\nEn la \u00faltima sesi\u00f3n del Concejo Deliberante ingres\u00f3 para su tratamiento en comisiones un proyecto que busca la creaci\u00f3n de un curso municipal de ingl\u00e9s.<\/p>\n<p>La propuesta est\u00e1 dirigida a estudiantes de escuelas p\u00fablicas que cursen los \u00faltimos a\u00f1os del secundario, o hayan finalizado en establecimientos p\u00fablicos sus estudios. La iniciativa, elaborada por la agrupaci\u00f3n justicialista Corriente por el Progreso Social y ampliada e introducida al recinto por la concejal Romina Carrizo, busca partir de la base de ense\u00f1anza generada desde la escuela p\u00fablica en los primeros a\u00f1os, para realizar una capacitaci\u00f3n intensa en el manejo de la lengua extranjera con dos a\u00f1os de duraci\u00f3n.<\/p>\n<p>Joel Vallomy, miembro de la CPS expres\u00f3: \u201csabemos que hay una gran distancia en la formaci\u00f3n de idiomas entre chicos que asisten a escuelas p\u00fablicas y a escuelas privadas. A diferencia de la instrucci\u00f3n b\u00e1sica que se imparte en el sistema estatal, en general los colegios privados cuentan con un andamiaje que genera que los chicos salgan con un nivel mucho m\u00e1s articulado y valorado a nivel curricular que los alumnos de la escuela p\u00fablica. Lo que estamos buscando es nivelar para arriba la formaci\u00f3n con un curso p\u00fablico, con contenidos similares a los del First Certificate emitido por la Universidad de Cambridge a modo de buscar un canon de referencia ya reconocido\u201d.<\/p>\n<p>Por su parte, la concejal Carrizo mencion\u00f3 que \u201ctanto por los valores de los cursos en institutos privados, como por la situaci\u00f3n general del pa\u00eds, a muchas familias se les hace imposible poder brindar una formaci\u00f3n extra escolar para sus hijos en lengua extranjera, eso, claramente es una desventaja para los chicos tanto al momento de buscar trabajo o de avanzar en estudios universitarios, ya que muchas carreras tienen ingles es sus cronogramas. Otra punta muy importante de este curso es la adecuada comunicaci\u00f3n zonal, con difusi\u00f3n de sus programas, posibilitando que las empresas cercanas tambi\u00e9n puedan sugerir contenidos, generando que las industrias de la zona, al presentar o incluir en un curriculum vitae un certificado de este curso, sea debidamente tenido en cuenta como formaci\u00f3n valida\u201d.<\/p>\n<p>Fuente: Enlace Critico<\/p>\n","protected":false},"excerpt":{"rendered":"<p>En la \u00faltima sesi\u00f3n del Concejo Deliberante ingres\u00f3 para su tratamiento en comisiones un proyecto que busca la creaci\u00f3n de un curso municipal de ingl\u00e9s. La propuesta est\u00e1 dirigida a estudiantes de escuelas p\u00fablicas que cursen los \u00faltimos a\u00f1os del secundario, o hayan finalizado en establecimientos p\u00fablicos sus estudios. La iniciativa, elaborada por la agrupaci\u00f3n [&hellip;]<\/p>\n","protected":false},"author":4,"featured_media":39848,"comment_status":"open","ping_status":"closed","sticky":false,"template":"","format":"standard","meta":{"om_disable_all_campaigns":false,"_jetpack_memberships_contains_paid_content":false,"footnotes":""},"categories":[621],"tags":[],"class_list":["post-39847","post","type-post","status-publish","format-standard","has-post-thumbnail","hentry","category-regionales"],"aioseo_notices":[],"gutentor_comment":0,"jetpack_featured_media_url":"https:\/\/eldiariodesanpedro.com.ar\/sitio\/wp-content\/uploads\/2018\/09\/Joel-Vallomy.jpg","jetpack_shortlink":"https:\/\/wp.me\/p6RhLt-amH","jetpack_sharing_enabled":true,"_links":{"self":[{"href":"https:\/\/eldiariodesanpedro.com.ar\/sitio\/wp-json\/wp\/v2\/posts\/39847","targetHints":{"allow":["GET"]}}],"collection":[{"href":"https:\/\/eldiariodesanpedro.com.ar\/sitio\/wp-json\/wp\/v2\/posts"}],"about":[{"href":"https:\/\/eldiariodesanpedro.com.ar\/sitio\/wp-json\/wp\/v2\/types\/post"}],"author":[{"embeddable":true,"href":"https:\/\/eldiariodesanpedro.com.ar\/sitio\/wp-json\/wp\/v2\/users\/4"}],"replies":[{"embeddable":true,"href":"https:\/\/eldiariodesanpedro.com.ar\/sitio\/wp-json\/wp\/v2\/comments?post=39847"}],"version-history":[{"count":1,"href":"https:\/\/eldiariodesanpedro.com.ar\/sitio\/wp-json\/wp\/v2\/posts\/39847\/revisions"}],"predecessor-version":[{"id":39849,"href":"https:\/\/eldiariodesanpedro.com.ar\/sitio\/wp-json\/wp\/v2\/posts\/39847\/revisions\/39849"}],"wp:featuredmedia":[{"embeddable":true,"href":"https:\/\/eldiariodesanpedro.com.ar\/sitio\/wp-json\/wp\/v2\/media\/39848"}],"wp:attachment":[{"href":"https:\/\/eldiariodesanpedro.com.ar\/sitio\/wp-json\/wp\/v2\/media?parent=39847"}],"wp:term":[{"taxonomy":"category","embeddable":true,"href":"https:\/\/eldiariodesanpedro.com.ar\/sitio\/wp-json\/wp\/v2\/categories?post=39847"},{"taxonomy":"post_tag","embeddable":true,"href":"https:\/\/eldiariodesanpedro.com.ar\/sitio\/wp-json\/wp\/v2\/tags?post=39847"}],"curies":[{"name":"wp","href":"https:\/\/api.w.org\/{rel}","templated":true}]}}