{"id":39844,"date":"2018-09-08T09:45:34","date_gmt":"2018-09-08T12:45:34","guid":{"rendered":"https:\/\/eldiariodesanpedro.com.ar\/sitio\/?p=39844"},"modified":"2018-09-08T09:45:34","modified_gmt":"2018-09-08T12:45:34","slug":"zarate-municipio-implementa-el-recibo-electronico-para-la-tasa-de-seguridad-e-higiene","status":"publish","type":"post","link":"https:\/\/eldiariodesanpedro.com.ar\/sitio\/zarate-municipio-implementa-el-recibo-electronico-para-la-tasa-de-seguridad-e-higiene\/","title":{"rendered":"ZARATE: Municipio implementa el recibo electr\u00f3nico para la Tasa de Seguridad e Higiene"},"content":{"rendered":"<p><!-- VideographyWP Plugin Message: Automatic video embedding prevented by plugin options. --><br \/>\nLa Secretar\u00eda de Hacienda del Municipio de Z\u00e1rate inform\u00f3 que a partir del mes de septiembre el recibo de la Tasa por Inspecci\u00f3n de Seguridad e Higiene se enviar\u00e1 a los grandes contribuyentes de manera electr\u00f3nica.<\/p>\n<p>De esta forma ya no se realizar\u00e1 la distribuci\u00f3n tradicional en formato papel, sino que se les remitir\u00e1 en forma digital al domicilio fiscal electr\u00f3nico declarado por las empresas.<\/p>\n<p>Este sistema ser\u00e1 obligatorio para los grandes contribuyentes, mientras que para los medianos contribuyentes se implementar\u00e1 a partir de los vencimientos de octubre de 2018.<\/p>\n<p>Los contribuyentes que pasan al sistema electr\u00f3nico de manera obligatoria est\u00e1n siendo debidamente notificados.<\/p>\n<p>Por otro lado, se encuentra vigente la posibilidad de adhesi\u00f3n al domicilio fiscal electr\u00f3nica de manera voluntaria para los contribuyentes peque\u00f1os de TISH (publicidad y propaganda y ocupaci\u00f3n espacio p\u00fablico) como  as\u00ed tambi\u00e9n de AHU, servicios sanitarios, prevenci\u00f3n y control, red vial y patentes de rodados e impuesto automotor municipalizado.<\/p>\n<p>El reemplazo del env\u00edo tradicional de recibo en papel tiene como objetivo hacerlo m\u00e1s efectivo y bajar costos.<\/p>\n<p>Fuente: Enlace Critico<\/p>\n","protected":false},"excerpt":{"rendered":"<p>La Secretar\u00eda de Hacienda del Municipio de Z\u00e1rate inform\u00f3 que a partir del mes de septiembre el recibo de la Tasa por Inspecci\u00f3n de Seguridad e Higiene se enviar\u00e1 a los grandes contribuyentes de manera electr\u00f3nica. De esta forma ya no se realizar\u00e1 la distribuci\u00f3n tradicional en formato papel, sino que se les remitir\u00e1 en [&hellip;]<\/p>\n","protected":false},"author":4,"featured_media":39845,"comment_status":"open","ping_status":"closed","sticky":false,"template":"","format":"standard","meta":{"om_disable_all_campaigns":false,"_jetpack_memberships_contains_paid_content":false,"footnotes":""},"categories":[621],"tags":[],"class_list":["post-39844","post","type-post","status-publish","format-standard","has-post-thumbnail","hentry","category-regionales"],"aioseo_notices":[],"gutentor_comment":0,"jetpack_featured_media_url":"https:\/\/eldiariodesanpedro.com.ar\/sitio\/wp-content\/uploads\/2018\/09\/Municipalidad-de-Zarate.jpg","jetpack_shortlink":"https:\/\/wp.me\/p6RhLt-amE","jetpack_sharing_enabled":true,"_links":{"self":[{"href":"https:\/\/eldiariodesanpedro.com.ar\/sitio\/wp-json\/wp\/v2\/posts\/39844","targetHints":{"allow":["GET"]}}],"collection":[{"href":"https:\/\/eldiariodesanpedro.com.ar\/sitio\/wp-json\/wp\/v2\/posts"}],"about":[{"href":"https:\/\/eldiariodesanpedro.com.ar\/sitio\/wp-json\/wp\/v2\/types\/post"}],"author":[{"embeddable":true,"href":"https:\/\/eldiariodesanpedro.com.ar\/sitio\/wp-json\/wp\/v2\/users\/4"}],"replies":[{"embeddable":true,"href":"https:\/\/eldiariodesanpedro.com.ar\/sitio\/wp-json\/wp\/v2\/comments?post=39844"}],"version-history":[{"count":1,"href":"https:\/\/eldiariodesanpedro.com.ar\/sitio\/wp-json\/wp\/v2\/posts\/39844\/revisions"}],"predecessor-version":[{"id":39846,"href":"https:\/\/eldiariodesanpedro.com.ar\/sitio\/wp-json\/wp\/v2\/posts\/39844\/revisions\/39846"}],"wp:featuredmedia":[{"embeddable":true,"href":"https:\/\/eldiariodesanpedro.com.ar\/sitio\/wp-json\/wp\/v2\/media\/39845"}],"wp:attachment":[{"href":"https:\/\/eldiariodesanpedro.com.ar\/sitio\/wp-json\/wp\/v2\/media?parent=39844"}],"wp:term":[{"taxonomy":"category","embeddable":true,"href":"https:\/\/eldiariodesanpedro.com.ar\/sitio\/wp-json\/wp\/v2\/categories?post=39844"},{"taxonomy":"post_tag","embeddable":true,"href":"https:\/\/eldiariodesanpedro.com.ar\/sitio\/wp-json\/wp\/v2\/tags?post=39844"}],"curies":[{"name":"wp","href":"https:\/\/api.w.org\/{rel}","templated":true}]}}