{"id":39840,"date":"2018-09-08T09:38:24","date_gmt":"2018-09-08T12:38:24","guid":{"rendered":"https:\/\/eldiariodesanpedro.com.ar\/sitio\/?p=39840"},"modified":"2018-09-08T09:38:24","modified_gmt":"2018-09-08T12:38:24","slug":"zarate-finalizo-el-retubado-del-reactor-de-la-central-nuclear-embalse","status":"publish","type":"post","link":"https:\/\/eldiariodesanpedro.com.ar\/sitio\/zarate-finalizo-el-retubado-del-reactor-de-la-central-nuclear-embalse\/","title":{"rendered":"ZARATE: Finaliz\u00f3 el retubado del reactor de la Central Nuclear Embalse"},"content":{"rendered":"<p><!-- VideographyWP Plugin Message: Automatic video embedding prevented by plugin options. --><br \/>\nNucleoel\u00e9ctrica Argentina complet\u00f3 el jueves 6 de septiembre la instalaci\u00f3n de los 760 alimentadores inferiores que se ubican en el reactor de la Central Nuclear Embalse.<\/p>\n<p>De esta forma, se dio por concluido el retubado del reactor. El logro de este objetivo es uno de los hitos m\u00e1s relevantes del Proyecto Extensi\u00f3n de Vida de la Central, que permitir\u00e1 iniciar el proceso de retorno al servicio por 30 a\u00f1os con una potencia de 683 MW.<\/p>\n<p>El retubado consisti\u00f3 en la remoci\u00f3n y reemplazo de los componentes principales que conforman el reactor, como los tubos de calandria, los tubos de presi\u00f3n, accesorios extremos y alimentadores superiores e inferiores.<\/p>\n<p><img decoding=\"async\" data-attachment-id=\"39841\" data-permalink=\"https:\/\/eldiariodesanpedro.com.ar\/sitio\/zarate-finalizo-el-retubado-del-reactor-de-la-central-nuclear-embalse\/embalse-atucha\/\" data-orig-file=\"https:\/\/eldiariodesanpedro.com.ar\/sitio\/wp-content\/uploads\/2018\/09\/Embalse-Atucha.jpg\" data-orig-size=\"658,400\" data-comments-opened=\"1\" data-image-meta=\"{&quot;aperture&quot;:&quot;0&quot;,&quot;credit&quot;:&quot;&quot;,&quot;camera&quot;:&quot;&quot;,&quot;caption&quot;:&quot;&quot;,&quot;created_timestamp&quot;:&quot;0&quot;,&quot;copyright&quot;:&quot;&quot;,&quot;focal_length&quot;:&quot;0&quot;,&quot;iso&quot;:&quot;0&quot;,&quot;shutter_speed&quot;:&quot;0&quot;,&quot;title&quot;:&quot;&quot;,&quot;orientation&quot;:&quot;0&quot;}\" data-image-title=\"Embalse-Atucha\" data-image-description=\"\" data-image-caption=\"\" data-large-file=\"https:\/\/eldiariodesanpedro.com.ar\/sitio\/wp-content\/uploads\/2018\/09\/Embalse-Atucha.jpg\" data-src=\"https:\/\/eldiariodesanpedro.com.ar\/sitio\/wp-content\/uploads\/2018\/09\/Embalse-Atucha.jpg\" alt=\"\" width=\"658\" height=\"400\" class=\"alignnone size-full wp-image-39841 lazyload\" data-srcset=\"https:\/\/eldiariodesanpedro.com.ar\/sitio\/wp-content\/uploads\/2018\/09\/Embalse-Atucha.jpg 658w, https:\/\/eldiariodesanpedro.com.ar\/sitio\/wp-content\/uploads\/2018\/09\/Embalse-Atucha-300x182.jpg 300w\" data-sizes=\"(max-width: 658px) 100vw, 658px\" src=\"data:image\/svg+xml;base64,PHN2ZyB3aWR0aD0iMSIgaGVpZ2h0PSIxIiB4bWxucz0iaHR0cDovL3d3dy53My5vcmcvMjAwMC9zdmciPjwvc3ZnPg==\" style=\"--smush-placeholder-width: 658px; --smush-placeholder-aspect-ratio: 658\/400;\" \/><\/p>\n<p>La totalidad de los componentes de reemplazo se fabricaron en el pa\u00eds y el trabajo se desarroll\u00f3 bajo el gerenciamiento de Nucleoel\u00e9ctrica Argentina con la participaci\u00f3n del dise\u00f1ador del \u00e1rea nuclear, CANDU Energy.<\/p>\n<p>La Central Nuclear Embalse finaliz\u00f3 su primer ciclo operativo el 31 de diciembre de 2015, y durante m\u00e1s de 30 a\u00f1os de operaci\u00f3n cumpli\u00f3 con los m\u00e1s altos est\u00e1ndares de seguridad. A lo largo de su trayectoria la comunidad internacional del sector nuclear la reconoci\u00f3 por su excelente performance y siempre se mantuvo entre los diez primeros puestos del ranking mundial de centrales nucleares.<\/p>\n","protected":false},"excerpt":{"rendered":"<p>Nucleoel\u00e9ctrica Argentina complet\u00f3 el jueves 6 de septiembre la instalaci\u00f3n de los 760 alimentadores inferiores que se ubican en el reactor de la Central Nuclear Embalse. De esta forma, se dio por concluido el retubado del reactor. El logro de este objetivo es uno de los hitos m\u00e1s relevantes del Proyecto Extensi\u00f3n de Vida de [&hellip;]<\/p>\n","protected":false},"author":4,"featured_media":39842,"comment_status":"open","ping_status":"closed","sticky":false,"template":"","format":"standard","meta":{"om_disable_all_campaigns":false,"_jetpack_memberships_contains_paid_content":false,"footnotes":""},"categories":[621],"tags":[],"class_list":["post-39840","post","type-post","status-publish","format-standard","has-post-thumbnail","hentry","category-regionales"],"aioseo_notices":[],"gutentor_comment":0,"jetpack_featured_media_url":"https:\/\/eldiariodesanpedro.com.ar\/sitio\/wp-content\/uploads\/2018\/09\/Embalse-Atucha-2.jpg","jetpack_shortlink":"https:\/\/wp.me\/p6RhLt-amA","jetpack_sharing_enabled":true,"_links":{"self":[{"href":"https:\/\/eldiariodesanpedro.com.ar\/sitio\/wp-json\/wp\/v2\/posts\/39840","targetHints":{"allow":["GET"]}}],"collection":[{"href":"https:\/\/eldiariodesanpedro.com.ar\/sitio\/wp-json\/wp\/v2\/posts"}],"about":[{"href":"https:\/\/eldiariodesanpedro.com.ar\/sitio\/wp-json\/wp\/v2\/types\/post"}],"author":[{"embeddable":true,"href":"https:\/\/eldiariodesanpedro.com.ar\/sitio\/wp-json\/wp\/v2\/users\/4"}],"replies":[{"embeddable":true,"href":"https:\/\/eldiariodesanpedro.com.ar\/sitio\/wp-json\/wp\/v2\/comments?post=39840"}],"version-history":[{"count":1,"href":"https:\/\/eldiariodesanpedro.com.ar\/sitio\/wp-json\/wp\/v2\/posts\/39840\/revisions"}],"predecessor-version":[{"id":39843,"href":"https:\/\/eldiariodesanpedro.com.ar\/sitio\/wp-json\/wp\/v2\/posts\/39840\/revisions\/39843"}],"wp:featuredmedia":[{"embeddable":true,"href":"https:\/\/eldiariodesanpedro.com.ar\/sitio\/wp-json\/wp\/v2\/media\/39842"}],"wp:attachment":[{"href":"https:\/\/eldiariodesanpedro.com.ar\/sitio\/wp-json\/wp\/v2\/media?parent=39840"}],"wp:term":[{"taxonomy":"category","embeddable":true,"href":"https:\/\/eldiariodesanpedro.com.ar\/sitio\/wp-json\/wp\/v2\/categories?post=39840"},{"taxonomy":"post_tag","embeddable":true,"href":"https:\/\/eldiariodesanpedro.com.ar\/sitio\/wp-json\/wp\/v2\/tags?post=39840"}],"curies":[{"name":"wp","href":"https:\/\/api.w.org\/{rel}","templated":true}]}}