{"id":39837,"date":"2018-09-08T09:13:17","date_gmt":"2018-09-08T12:13:17","guid":{"rendered":"https:\/\/eldiariodesanpedro.com.ar\/sitio\/?p=39837"},"modified":"2018-09-08T09:13:17","modified_gmt":"2018-09-08T12:13:17","slug":"paritaria-municipal-los-municipales-rechazaron-la-propuesta-del-ejecutivo","status":"publish","type":"post","link":"https:\/\/eldiariodesanpedro.com.ar\/sitio\/paritaria-municipal-los-municipales-rechazaron-la-propuesta-del-ejecutivo\/","title":{"rendered":"Paritaria Municipal: Los Municipales rechazaron la propuesta del ejecutivo"},"content":{"rendered":"<p><!-- VideographyWP Plugin Message: Automatic video embedding prevented by plugin options. --><br \/>\nEste viernes por la tarde se reunieron nuevamente los representantes de ATE y el Sindicato de Trabajadores Municipales con los representantes del Ejecutivo, el Secretario de Coordinaci\u00f3n Ram\u00f3n Salazar y del Gobierno Silvio Corti. <\/p>\n<p>La propuesta fue de \u201caumentar el presentismo de 200 a 800 pesos e incrementar el refrigerio de 617 a 1000 pesos\u201d, dijo Gustavo Gauna de ATE y agreg\u00f3: \u201cEl aumento es  suma no remunerativas, nada al b\u00e1sico y fue rechazada por los gremios\u201d. <\/p>\n<p>Desde el Municipio insistieron en la posibilidad de reunirse cada mes para encontrar alternativas al pago de los salarios, quien reconocieron que el reclamo era justo pero en estos momentos,no estaban en condiciones de afrontarlo de cara al reclamo de los trabajadores, algo que los gremios evaluar\u00e1n en asamblea con sus propios afiliados.<\/p>\n<p>Este martes 11 habr\u00e1 una nueva reuni\u00f3n entre los representantes.<\/p>\n<p>Textualmente, el acta firmada por todos los presentes, expresa:<\/p>\n<p>San Pedro, 7 de septiembre de 2018<\/p>\n<p>Se re\u00fanen en representaci\u00f3n del STM Juan Cruz Acosta, Ra\u00fal Rub\u00e9n Ben\u00edtez y Alejandra Camacho, por ATE Gustavo Gauna y Karen Ramallo, y, por el Municipio de San Pedro: Silvio Corti y Ram\u00f3n Salazar. Ambos sindicatos plantean que debido a la Inflaci\u00f3n del a\u00f1o en curso es necesario que se otorgue un nuevo aumento para los Trabajadores Municipales que contemple los nuevos par\u00e1metros de inflaci\u00f3n. Por su parte, el Municipio entiende que el reclamo es justo, y aclara que har\u00e1 el esfuerzo para recomponer el sueldo de los trabajadores. Haciendo saber que en el pr\u00f3ximo recibo cumplir\u00e1 con el otorgamiento del aumento del 4,5% previsto; y ofrece, en esta instancia, agregar una suma fija al Refrigerio y al Presentismo. La suma por Refrigerio quedar\u00eda en $1.000 y el monto por Presentismo ser\u00eda de $800. Ambos gremios rechazan la propuesta. El Municipio hace saber que si bien entiende que el reclamo es justo, no cuenta con dinero para hacer una mejor oferta para el mes de septiembre, pero est\u00e1 dispuesto a reunirse todos los meses para Ir viendo la forma de mejorar el ingreso de los trabajadores. Ambos Sindicatos van a presentar dicha propuesta a la Asamblea de su gremio.<\/p>\n<p>Los gremios rechazan sumas fijas no remunerativas y especialmente el Presentismo ya que expresan que afectar\u00eda a quienes hacen uso de licencia, derecho legal establecido en la Ley. Asimismo, solicitan que como m\u00ednimo para este mes se den tres puntos m\u00e1s de aumento sobre el b\u00e1sico. El Municipio hace saber que lo ofrecido para el pr\u00f3ximo mes equivale en un sueldo de $15.000 a un aumento del 24,51%, en un sueldo de $22.000 a un 22,08% y en un sueldo de $30.000 equivale a un aumento de 20,70% hasta la fecha.<\/p>\n<p>No siendo para m\u00e1s, se cierra la reuni\u00f3n estableciendo nueva fecha para el d\u00eda Martes 11 de septiembre a las 13.30 hs\u201d.<\/p>\n<p><img decoding=\"async\" data-attachment-id=\"39838\" data-permalink=\"https:\/\/eldiariodesanpedro.com.ar\/sitio\/paritaria-municipal-los-municipales-rechazaron-la-propuesta-del-ejecutivo\/whatsapp-image-2018-09-07-at-18-11-28\/\" data-orig-file=\"https:\/\/eldiariodesanpedro.com.ar\/sitio\/wp-content\/uploads\/2018\/09\/WhatsApp-Image-2018-09-07-at-18.11.28.jpeg\" data-orig-size=\"585,1040\" data-comments-opened=\"1\" data-image-meta=\"{&quot;aperture&quot;:&quot;0&quot;,&quot;credit&quot;:&quot;&quot;,&quot;camera&quot;:&quot;&quot;,&quot;caption&quot;:&quot;&quot;,&quot;created_timestamp&quot;:&quot;0&quot;,&quot;copyright&quot;:&quot;&quot;,&quot;focal_length&quot;:&quot;0&quot;,&quot;iso&quot;:&quot;0&quot;,&quot;shutter_speed&quot;:&quot;0&quot;,&quot;title&quot;:&quot;&quot;,&quot;orientation&quot;:&quot;0&quot;}\" data-image-title=\"WhatsApp Image 2018-09-07 at 18.11.28\" data-image-description=\"\" data-image-caption=\"\" data-large-file=\"https:\/\/eldiariodesanpedro.com.ar\/sitio\/wp-content\/uploads\/2018\/09\/WhatsApp-Image-2018-09-07-at-18.11.28-576x1024.jpeg\" data-src=\"https:\/\/eldiariodesanpedro.com.ar\/sitio\/wp-content\/uploads\/2018\/09\/WhatsApp-Image-2018-09-07-at-18.11.28-576x1024.jpeg\" alt=\"\" width=\"576\" height=\"1024\" class=\"alignnone size-large wp-image-39838 lazyload\" data-srcset=\"https:\/\/eldiariodesanpedro.com.ar\/sitio\/wp-content\/uploads\/2018\/09\/WhatsApp-Image-2018-09-07-at-18.11.28-576x1024.jpeg 576w, https:\/\/eldiariodesanpedro.com.ar\/sitio\/wp-content\/uploads\/2018\/09\/WhatsApp-Image-2018-09-07-at-18.11.28-169x300.jpeg 169w, https:\/\/eldiariodesanpedro.com.ar\/sitio\/wp-content\/uploads\/2018\/09\/WhatsApp-Image-2018-09-07-at-18.11.28.jpeg 585w\" data-sizes=\"(max-width: 576px) 100vw, 576px\" src=\"data:image\/svg+xml;base64,PHN2ZyB3aWR0aD0iMSIgaGVpZ2h0PSIxIiB4bWxucz0iaHR0cDovL3d3dy53My5vcmcvMjAwMC9zdmciPjwvc3ZnPg==\" style=\"--smush-placeholder-width: 576px; --smush-placeholder-aspect-ratio: 576\/1024;\" \/><\/p>\n","protected":false},"excerpt":{"rendered":"<p>Este viernes por la tarde se reunieron nuevamente los representantes de ATE y el Sindicato de Trabajadores Municipales con los representantes del Ejecutivo, el Secretario de Coordinaci\u00f3n Ram\u00f3n Salazar y del Gobierno Silvio Corti. La propuesta fue de \u201caumentar el presentismo de 200 a 800 pesos e incrementar el refrigerio de 617 a 1000 pesos\u201d, [&hellip;]<\/p>\n","protected":false},"author":4,"featured_media":4495,"comment_status":"open","ping_status":"closed","sticky":false,"template":"","format":"standard","meta":{"om_disable_all_campaigns":false,"_jetpack_memberships_contains_paid_content":false,"footnotes":""},"categories":[50,2,102],"tags":[],"class_list":["post-39837","post","type-post","status-publish","format-standard","has-post-thumbnail","hentry","category-destacadas","category-locales","category-politica-locales"],"aioseo_notices":[],"gutentor_comment":0,"jetpack_featured_media_url":"https:\/\/eldiariodesanpedro.com.ar\/sitio\/wp-content\/uploads\/2016\/05\/Municipalidad.jpg","jetpack_shortlink":"https:\/\/wp.me\/p6RhLt-amx","jetpack_sharing_enabled":true,"_links":{"self":[{"href":"https:\/\/eldiariodesanpedro.com.ar\/sitio\/wp-json\/wp\/v2\/posts\/39837","targetHints":{"allow":["GET"]}}],"collection":[{"href":"https:\/\/eldiariodesanpedro.com.ar\/sitio\/wp-json\/wp\/v2\/posts"}],"about":[{"href":"https:\/\/eldiariodesanpedro.com.ar\/sitio\/wp-json\/wp\/v2\/types\/post"}],"author":[{"embeddable":true,"href":"https:\/\/eldiariodesanpedro.com.ar\/sitio\/wp-json\/wp\/v2\/users\/4"}],"replies":[{"embeddable":true,"href":"https:\/\/eldiariodesanpedro.com.ar\/sitio\/wp-json\/wp\/v2\/comments?post=39837"}],"version-history":[{"count":1,"href":"https:\/\/eldiariodesanpedro.com.ar\/sitio\/wp-json\/wp\/v2\/posts\/39837\/revisions"}],"predecessor-version":[{"id":39839,"href":"https:\/\/eldiariodesanpedro.com.ar\/sitio\/wp-json\/wp\/v2\/posts\/39837\/revisions\/39839"}],"wp:featuredmedia":[{"embeddable":true,"href":"https:\/\/eldiariodesanpedro.com.ar\/sitio\/wp-json\/wp\/v2\/media\/4495"}],"wp:attachment":[{"href":"https:\/\/eldiariodesanpedro.com.ar\/sitio\/wp-json\/wp\/v2\/media?parent=39837"}],"wp:term":[{"taxonomy":"category","embeddable":true,"href":"https:\/\/eldiariodesanpedro.com.ar\/sitio\/wp-json\/wp\/v2\/categories?post=39837"},{"taxonomy":"post_tag","embeddable":true,"href":"https:\/\/eldiariodesanpedro.com.ar\/sitio\/wp-json\/wp\/v2\/tags?post=39837"}],"curies":[{"name":"wp","href":"https:\/\/api.w.org\/{rel}","templated":true}]}}