{"id":39834,"date":"2018-09-07T21:18:34","date_gmt":"2018-09-08T00:18:34","guid":{"rendered":"https:\/\/eldiariodesanpedro.com.ar\/sitio\/?p=39834"},"modified":"2026-01-24T00:11:00","modified_gmt":"2026-01-24T03:11:00","slug":"ciclismo-buen-programa-en-el-panoramico-del-oeste","status":"publish","type":"post","link":"https:\/\/eldiariodesanpedro.com.ar\/sitio\/ciclismo-buen-programa-en-el-panoramico-del-oeste\/","title":{"rendered":"CICLISMO: Buen programa en el Panor\u00e1mico del Oeste"},"content":{"rendered":"<p><!-- VideographyWP Plugin Message: Automatic video embedding prevented by plugin options. --><br \/>\n  Un interesante programa de competencias para este s\u00e1bado bajo la organizaci\u00f3n de Pro Ciclismo San Pedro que se desarrollar\u00e1 en el circuito Panor\u00e1mico del Oeste. La actividad dar\u00e1 comienzo a las 13:00 con la largada de la primera prueba y a partir de all\u00ed las diferentes categor\u00edas para completar una tarde a puro pedal. <\/p>\n<p><strong>Cronograma de pruebas<\/strong><br \/>\n13:00 hs. Pe\u00f1a Ciclistas Sampedrinos y M\u00e1ster D.<br \/>\n13:30 hs. Menores y Mayores zonales<br \/>\n14:00 hs. Infantiles.<br \/>\n14:15 hs. M\u00e1ster D y Damas.<br \/>\n15:00 hs. M\u00e1ster B-2 y M\u00e1ster C.<br \/>\n16:00 hs. Promocionales, M\u00e1ster A y M\u00e1ster B.<\/p>\n","protected":false},"excerpt":{"rendered":"<p>Un interesante programa de competencias para este s\u00e1bado bajo la organizaci\u00f3n de Pro Ciclismo San Pedro que se desarrollar\u00e1 en el circuito Panor\u00e1mico del Oeste. La actividad dar\u00e1 comienzo a las 13:00 con la largada de la primera prueba y a partir de all\u00ed las diferentes categor\u00edas para completar una tarde a puro pedal. Cronograma [&hellip;]<\/p>\n","protected":false},"author":4,"featured_media":10379,"comment_status":"open","ping_status":"closed","sticky":false,"template":"","format":"standard","meta":{"om_disable_all_campaigns":false,"_jetpack_memberships_contains_paid_content":false,"footnotes":""},"categories":[5],"tags":[],"class_list":["post-39834","post","type-post","status-publish","format-standard","has-post-thumbnail","hentry","category-deportes"],"aioseo_notices":[],"gutentor_comment":0,"jetpack_featured_media_url":"https:\/\/eldiariodesanpedro.com.ar\/sitio\/wp-content\/uploads\/2016\/11\/ciclismo.jpg","jetpack_shortlink":"https:\/\/wp.me\/p6RhLt-amu","jetpack_sharing_enabled":true,"_links":{"self":[{"href":"https:\/\/eldiariodesanpedro.com.ar\/sitio\/wp-json\/wp\/v2\/posts\/39834","targetHints":{"allow":["GET"]}}],"collection":[{"href":"https:\/\/eldiariodesanpedro.com.ar\/sitio\/wp-json\/wp\/v2\/posts"}],"about":[{"href":"https:\/\/eldiariodesanpedro.com.ar\/sitio\/wp-json\/wp\/v2\/types\/post"}],"author":[{"embeddable":true,"href":"https:\/\/eldiariodesanpedro.com.ar\/sitio\/wp-json\/wp\/v2\/users\/4"}],"replies":[{"embeddable":true,"href":"https:\/\/eldiariodesanpedro.com.ar\/sitio\/wp-json\/wp\/v2\/comments?post=39834"}],"version-history":[{"count":2,"href":"https:\/\/eldiariodesanpedro.com.ar\/sitio\/wp-json\/wp\/v2\/posts\/39834\/revisions"}],"predecessor-version":[{"id":39836,"href":"https:\/\/eldiariodesanpedro.com.ar\/sitio\/wp-json\/wp\/v2\/posts\/39834\/revisions\/39836"}],"wp:featuredmedia":[{"embeddable":true,"href":"https:\/\/eldiariodesanpedro.com.ar\/sitio\/wp-json\/wp\/v2\/media\/10379"}],"wp:attachment":[{"href":"https:\/\/eldiariodesanpedro.com.ar\/sitio\/wp-json\/wp\/v2\/media?parent=39834"}],"wp:term":[{"taxonomy":"category","embeddable":true,"href":"https:\/\/eldiariodesanpedro.com.ar\/sitio\/wp-json\/wp\/v2\/categories?post=39834"},{"taxonomy":"post_tag","embeddable":true,"href":"https:\/\/eldiariodesanpedro.com.ar\/sitio\/wp-json\/wp\/v2\/tags?post=39834"}],"curies":[{"name":"wp","href":"https:\/\/api.w.org\/{rel}","templated":true}]}}