{"id":39826,"date":"2018-09-07T21:11:27","date_gmt":"2018-09-08T00:11:27","guid":{"rendered":"https:\/\/eldiariodesanpedro.com.ar\/sitio\/?p=39826"},"modified":"2026-01-24T00:11:01","modified_gmt":"2026-01-24T03:11:01","slug":"hockey-los-andes-nautico-hoy-por-primera-vez-en-el-ano","status":"publish","type":"post","link":"https:\/\/eldiariodesanpedro.com.ar\/sitio\/hockey-los-andes-nautico-hoy-por-primera-vez-en-el-ano\/","title":{"rendered":"HOCKEY: Los Andes-N\u00e1utico, hoy por primera vez en el a\u00f1o"},"content":{"rendered":"<p><!-- VideographyWP Plugin Message: Automatic video embedding prevented by plugin options. --><br \/>\n  En el complejo social y deportivo del CALA desde las 10 horas y enfrent\u00e1ndose en todas las divisiones (s\u00e9ptima, sexta, quinta y primera) jugar\u00e1n por la 11\u00b0 fecha del Torneo de AHO Los Andes y N\u00e1utico, equipos que al cabo de una semana se ver\u00e1n las caras dos veces seguidas y luego de no haber jugado entre s\u00ed a\u00fan en 2018.<br \/>\n  El choque, esperado por ser dos equipos locales en un certamen a nivel regional, los tendr\u00e1 nuevamente jugando en la \u00abRibera\u00bb la semana pr\u00f3xima, partidos pendientes de la jornada N\u00b0 6.<\/p>\n<p><strong>Posiciones  <\/strong><\/p>\n<p><strong>Zona <\/strong>A<br \/>\n<em>7ma<\/em><br \/>\nGimnasia 24 (10 partidos)<br \/>\nLos Marinos 20 (11)<br \/>\nN\u00e1utico 19 (8)<br \/>\n Los Andes 13 (10)<br \/>\nLos Miuras 13 (9)<br \/>\nSirio 7 (10)<br \/>\nSocial 0 (10)<\/p>\n<p><em>6ta<\/em><br \/>\nLos Miuras 17 (8)<br \/>\nLos Andes 16 (8)<br \/>\nN\u00e1utico 14 (6)<br \/>\n Gimnasia 10 (9)<br \/>\nLos Marinos 10 (9)<br \/>\nSirio 1 (8)<\/p>\n<p><em>5ta<\/em><br \/>\nGimnasia 17 (8)<br \/>\nLos Miuras 15 (8)<br \/>\nN\u00e1utico 13 (6)<br \/>\nLos Andes 13 (8)<br \/>\nSirio 9 (8)<br \/>\nSocial 0 (8)<\/p>\n<p><em>1ra<\/em><br \/>\nLos Miuras 19 (7)<br \/>\nGimnasia 22 (9)<br \/>\nN\u00e1utico 12 (8)<br \/>\nLos Andes 6  (7)<br \/>\nSocial 8 (8)<br \/>\nLos Marinos 1 (9)<\/p>\n","protected":false},"excerpt":{"rendered":"<p>En el complejo social y deportivo del CALA desde las 10 horas y enfrent\u00e1ndose en todas las divisiones (s\u00e9ptima, sexta, quinta y primera) jugar\u00e1n por la 11\u00b0 fecha del Torneo de AHO Los Andes y N\u00e1utico, equipos que al cabo de una semana se ver\u00e1n las caras dos veces seguidas y luego de no haber [&hellip;]<\/p>\n","protected":false},"author":4,"featured_media":10949,"comment_status":"open","ping_status":"closed","sticky":false,"template":"","format":"standard","meta":{"om_disable_all_campaigns":false,"_jetpack_memberships_contains_paid_content":false,"footnotes":""},"categories":[5],"tags":[],"class_list":["post-39826","post","type-post","status-publish","format-standard","has-post-thumbnail","hentry","category-deportes"],"aioseo_notices":[],"gutentor_comment":0,"jetpack_featured_media_url":"https:\/\/eldiariodesanpedro.com.ar\/sitio\/wp-content\/uploads\/2016\/11\/hockey.jpg","jetpack_shortlink":"https:\/\/wp.me\/p6RhLt-amm","jetpack_sharing_enabled":true,"_links":{"self":[{"href":"https:\/\/eldiariodesanpedro.com.ar\/sitio\/wp-json\/wp\/v2\/posts\/39826","targetHints":{"allow":["GET"]}}],"collection":[{"href":"https:\/\/eldiariodesanpedro.com.ar\/sitio\/wp-json\/wp\/v2\/posts"}],"about":[{"href":"https:\/\/eldiariodesanpedro.com.ar\/sitio\/wp-json\/wp\/v2\/types\/post"}],"author":[{"embeddable":true,"href":"https:\/\/eldiariodesanpedro.com.ar\/sitio\/wp-json\/wp\/v2\/users\/4"}],"replies":[{"embeddable":true,"href":"https:\/\/eldiariodesanpedro.com.ar\/sitio\/wp-json\/wp\/v2\/comments?post=39826"}],"version-history":[{"count":2,"href":"https:\/\/eldiariodesanpedro.com.ar\/sitio\/wp-json\/wp\/v2\/posts\/39826\/revisions"}],"predecessor-version":[{"id":39832,"href":"https:\/\/eldiariodesanpedro.com.ar\/sitio\/wp-json\/wp\/v2\/posts\/39826\/revisions\/39832"}],"wp:featuredmedia":[{"embeddable":true,"href":"https:\/\/eldiariodesanpedro.com.ar\/sitio\/wp-json\/wp\/v2\/media\/10949"}],"wp:attachment":[{"href":"https:\/\/eldiariodesanpedro.com.ar\/sitio\/wp-json\/wp\/v2\/media?parent=39826"}],"wp:term":[{"taxonomy":"category","embeddable":true,"href":"https:\/\/eldiariodesanpedro.com.ar\/sitio\/wp-json\/wp\/v2\/categories?post=39826"},{"taxonomy":"post_tag","embeddable":true,"href":"https:\/\/eldiariodesanpedro.com.ar\/sitio\/wp-json\/wp\/v2\/tags?post=39826"}],"curies":[{"name":"wp","href":"https:\/\/api.w.org\/{rel}","templated":true}]}}