{"id":39822,"date":"2018-09-07T21:03:30","date_gmt":"2018-09-08T00:03:30","guid":{"rendered":"https:\/\/eldiariodesanpedro.com.ar\/sitio\/?p=39822"},"modified":"2026-01-24T00:11:02","modified_gmt":"2026-01-24T03:11:02","slug":"futbol-infantil-hoy-la-cuarta-fecha-del-torneo-clausura","status":"publish","type":"post","link":"https:\/\/eldiariodesanpedro.com.ar\/sitio\/futbol-infantil-hoy-la-cuarta-fecha-del-torneo-clausura\/","title":{"rendered":"F\u00daTBOL INFANTIL: Hoy la cuarta fecha del Torneo Clausura"},"content":{"rendered":"<p><!-- VideographyWP Plugin Message: Automatic video embedding prevented by plugin options. --><br \/>\n  Este s\u00e1bado los m\u00e1s chicos del f\u00fatbol juegan una fecha m\u00e1s, siendo los partidos y horarios de comienzo los que a continuaci\u00f3n brindamos:<\/p>\n<p><strong>Cuarta fecha<\/strong><br \/>\n<em>Zona A<\/em><br \/>\n12:30\u2013 Villa Igoillo \u2013 Def. Unidos<br \/>\n12:30\u2013 Agricultores Club \u2013 Castro FC<br \/>\nLibre: El Porvenir<\/p>\n<p><em>Zona B<\/em><br \/>\n12:30\u2013 Los Andes-Pescadores<br \/>\n12:30\u2013 General San Mart\u00edn-El Tanque<br \/>\nLibre: Paran\u00e1 FC<\/p>\n<p><em>Zona C<\/em><br \/>\n12:00\u2013 Rivadavia-Atl\u00e9tico<br \/>\n12:00\u2013 Sportivo-Fundici\u00f3n FC<br \/>\n13:00\u2013 Costa Azul-Alsina<\/p>\n<p><em>Zona D<\/em><br \/>\n12:30\u2013 Central C\u00f3rdoba \u2013 Independencia FC<br \/>\n12:30\u2013 Am\u00e9rica \u2013 Mitre<br \/>\n13:00\u2013 San Roque FC \u2013 Independiente<\/p>\n<p>  Luego de haberse disputado tres fechas del segundo certamen del a\u00f1o de la Liga Infantil de San Pedro, as\u00ed se ubican:<\/p>\n<p><strong>Posiciones<\/strong><\/p>\n<p><em>2011<\/em><br \/>\nZONA \u201cA\u201d: Villa Igoillo 4, El Porvenir 3, Def. Unidos 3, Agricultores 2, Castro FC 0<br \/>\nZONA \u201cB\u201d: Paran\u00e1 5, General San Mart\u00edn 4, El Tanque 2, Los Andes 1, Pescadores 0<br \/>\nZONA \u201cC\u201d: Atl\u00e9tico 5, Rivadavia 3, Fundici\u00f3n 2, Sportivo 2, Costa Azul 0<br \/>\nZONA \u201cD\u201d: San Roque 5, Independencia 4, Mitre 3, Central C\u00f3rdoba 2, Am\u00e9rica 2, Independiente 2.<\/p>\n<p><em>2010<\/em><br \/>\nZONA \u201cA\u201d: Agricultores 4, Villa Igoillo 3, El Porvenir 1, Def. Unidos 0<br \/>\nZONA \u201cB\u201d: Paran\u00e1 6, General San Mart\u00edn 3, El Tanque 1, Los Andes 1, Pescadores 1<br \/>\nZONA \u201cC\u201d: Rivadavia 5, Atl\u00e9tico 5, Fundici\u00f3n 4, Sportivo 4, Costa Azul 0, Deportivo Alsina 0<br \/>\nZONA \u201cD\u201d: Mitre 6, Independencia 4, Central C\u00f3rdoba 3, Am\u00e9rica 3, San Roque 2, Independiente 0.<\/p>\n<p><em>2009<\/em><br \/>\nZONA \u201cA\u201d: Agricultores 4, El Porvenir 4, Villa Igoillo 2, Castro FC 2, Def. Unidos 0<br \/>\nZONA \u201cB\u201d: General San Mart\u00edn 5, Paran\u00e1 5, El Tanque 2, Los Andes 0, Pescadores 0<br \/>\nZONA \u201cC\u201d: Sportivo 6, Rivadavia 4, Atl\u00e9tico 4, Fundici\u00f3n 2, Deportivo Alsina 2, Costa Azul 0<br \/>\nZONA \u201cD\u201d: Central C\u00f3rdoba 6, Mitre 6, Independencia 4, Am\u00e9rica 2, San Roque 0, Independiente 0.<\/p>\n<p><em>2008<\/em><br \/>\nZONA \u201cA\u201d: El Porvenir 6, Agricultores 4, Castro FC 2, Def. Unidos 0, Villa Igoillo 0<br \/>\nZONA \u201cB\u201d: General San Mart\u00edn 5, Paran\u00e1 3, El Tanque 3, Los Andes 1, Pescadores 0<br \/>\nZONA \u201cC\u201d: Rivadavia 6, Fundici\u00f3n 5, Sportivo 4, Costa Azul 2, Deportivo Alsina 1, Atl\u00e9tico 0<br \/>\nZONA \u201cD\u201d: Am\u00e9rica 6, Mitre 6, Central C\u00f3rdoba 4, Independencia 2, San Roque 0, Independiente 0.<\/p>\n<p><em>2007<\/em><br \/>\nZONA \u201cA\u201d: El Porvenir 6, Agricultores 4, Castro FC 2, Villa Igoillo 0, Def. Unidos 0<br \/>\nZONA \u201cB\u201d: General San Mart\u00edn 4, Los Andes 3, El Tanque 3, Paran\u00e1 2, Pescadores 0<br \/>\nZONA \u201cC\u201d: Costa Azul 6, Sportivo 6, Fundici\u00f3n 2, Rivadavia 2, Atl\u00e9tico 2, Deportivo Alsina 0<br \/>\nZONA \u201cD\u201d: Central C\u00f3rdoba 6, Mitre 5, San Roque 3, Am\u00e9rica 2, Independiente 2, Independencia 0.<\/p>\n<p><em>2006<\/em><br \/>\nZONA \u201cA\u201d: El Porvenir 6, Villa Igoillo 2, Castro FC 2, Def. Unidos 2, Agricultores 0<br \/>\nZONA \u201cB\u201d: General San Mart\u00edn 5, Paran\u00e1 5, El Tanque 2, Los Andes 0, Pescadores 0<br \/>\nZONA \u201cC\u201d: Sportivo 6, Fundici\u00f3n 5, Rivadavia 4, Atl\u00e9tico 3, Costa Azul 0, Deportivo Alsina 0<br \/>\nZONA \u201cD\u201d: Mitre 6, Central C\u00f3rdoba 2, Independencia 4, Am\u00e9rica 4, San Roque 2, Independiente 0.<\/p>\n","protected":false},"excerpt":{"rendered":"<p>Este s\u00e1bado los m\u00e1s chicos del f\u00fatbol juegan una fecha m\u00e1s, siendo los partidos y horarios de comienzo los que a continuaci\u00f3n brindamos: Cuarta fecha Zona A 12:30\u2013 Villa Igoillo \u2013 Def. Unidos 12:30\u2013 Agricultores Club \u2013 Castro FC Libre: El Porvenir Zona B 12:30\u2013 Los Andes-Pescadores 12:30\u2013 General San Mart\u00edn-El Tanque Libre: Paran\u00e1 FC [&hellip;]<\/p>\n","protected":false},"author":4,"featured_media":6140,"comment_status":"open","ping_status":"closed","sticky":false,"template":"","format":"standard","meta":{"om_disable_all_campaigns":false,"_jetpack_memberships_contains_paid_content":false,"footnotes":""},"categories":[5],"tags":[],"class_list":["post-39822","post","type-post","status-publish","format-standard","has-post-thumbnail","hentry","category-deportes"],"aioseo_notices":[],"gutentor_comment":0,"jetpack_featured_media_url":"https:\/\/eldiariodesanpedro.com.ar\/sitio\/wp-content\/uploads\/2016\/07\/FOTO-2-19-07-16.jpg","jetpack_shortlink":"https:\/\/wp.me\/p6RhLt-ami","jetpack_sharing_enabled":true,"_links":{"self":[{"href":"https:\/\/eldiariodesanpedro.com.ar\/sitio\/wp-json\/wp\/v2\/posts\/39822","targetHints":{"allow":["GET"]}}],"collection":[{"href":"https:\/\/eldiariodesanpedro.com.ar\/sitio\/wp-json\/wp\/v2\/posts"}],"about":[{"href":"https:\/\/eldiariodesanpedro.com.ar\/sitio\/wp-json\/wp\/v2\/types\/post"}],"author":[{"embeddable":true,"href":"https:\/\/eldiariodesanpedro.com.ar\/sitio\/wp-json\/wp\/v2\/users\/4"}],"replies":[{"embeddable":true,"href":"https:\/\/eldiariodesanpedro.com.ar\/sitio\/wp-json\/wp\/v2\/comments?post=39822"}],"version-history":[{"count":2,"href":"https:\/\/eldiariodesanpedro.com.ar\/sitio\/wp-json\/wp\/v2\/posts\/39822\/revisions"}],"predecessor-version":[{"id":39825,"href":"https:\/\/eldiariodesanpedro.com.ar\/sitio\/wp-json\/wp\/v2\/posts\/39822\/revisions\/39825"}],"wp:featuredmedia":[{"embeddable":true,"href":"https:\/\/eldiariodesanpedro.com.ar\/sitio\/wp-json\/wp\/v2\/media\/6140"}],"wp:attachment":[{"href":"https:\/\/eldiariodesanpedro.com.ar\/sitio\/wp-json\/wp\/v2\/media?parent=39822"}],"wp:term":[{"taxonomy":"category","embeddable":true,"href":"https:\/\/eldiariodesanpedro.com.ar\/sitio\/wp-json\/wp\/v2\/categories?post=39822"},{"taxonomy":"post_tag","embeddable":true,"href":"https:\/\/eldiariodesanpedro.com.ar\/sitio\/wp-json\/wp\/v2\/tags?post=39822"}],"curies":[{"name":"wp","href":"https:\/\/api.w.org\/{rel}","templated":true}]}}