{"id":39818,"date":"2018-09-07T20:57:47","date_gmt":"2018-09-07T23:57:47","guid":{"rendered":"https:\/\/eldiariodesanpedro.com.ar\/sitio\/?p=39818"},"modified":"2018-09-07T20:57:47","modified_gmt":"2018-09-07T23:57:47","slug":"zarate-el-10-de-septiembre-comienza-el-juicio-contra-el-carnicero-daniel-oyarzun","status":"publish","type":"post","link":"https:\/\/eldiariodesanpedro.com.ar\/sitio\/zarate-el-10-de-septiembre-comienza-el-juicio-contra-el-carnicero-daniel-oyarzun\/","title":{"rendered":"Z\u00c1RATE: El 10 de septiembre comienza el juicio contra el carnicero Daniel Oyarz\u00fan"},"content":{"rendered":"<p><!-- VideographyWP Plugin Message: Automatic video embedding prevented by plugin options. --><br \/>\nA casi dos a\u00f1os del caso que conmocion\u00f3 a Z\u00e1rate y que tuvo repercusi\u00f3n nacional ya que hasta el propio presidente Macri se refiri\u00f3 al tema, un jurado popular compuesto por doce ciudadanos definir\u00e1 si el carnicero Daniel \u201cBilly\u201d Oyarz\u00fan actu\u00f3 en leg\u00edtima defensa o protagoniz\u00f3 un \u201chomicidio simple\u201d cuando atropell\u00f3, caus\u00e1ndole heridas graves que luego terminaron en la muerte, al delincuente que lo asalt\u00f3.<\/p>\n<p>  El hecho, que sucedi\u00f3 el 13 de septiembre de 2016, inici\u00f3 cuando dos personas ingresaron a la carnicer\u00eda de Daniel \u201cBilly\u201d Oyarz\u00fan para robarle y tras disparar varias veces dentro del local se llevaron la suma de $5.000. El comerciante, lejos de asustarse, sali\u00f3 a perseguir a los ladrones con su auto, un Peugeot 306 color verde, cuando, en la huida, los dos sujetos cayeron de la moto en la que se escapaban. En ese entonces, el carnicero alcanz\u00f3 a uno de ellos, lo atropell\u00f3 contra un poste y lo hiri\u00f3 de gravedad.<\/p>\n<p>  Un grupo de vecinos se acerc\u00f3 al hombre atropellado, comenzaron a insultarlo y luego le dieron una paliza. Minutos despu\u00e9s, la persona identificada como Brian Gonz\u00e1lez de 24 a\u00f1os fue rescatado por personal de bomberos voluntarios y de la polic\u00eda local, y posteriormente trasladado por una ambulancia del SEMU al hospital Virgen del Carmen, donde tras horas de agon\u00eda muri\u00f3.<\/p>\n<p>  La definici\u00f3n del caso, que encendi\u00f3 el debate en el pa\u00eds sobre la leg\u00edtima defensa luego de que los propios vecinos de la localidad tomaran la municipalidad para pedir la libertad de Oyarz\u00fan, tendr\u00e1 lugar entre el lunes 10 y jueves 13 de septiembre cuando 12 ciudadanos tomar\u00e1n la decisi\u00f3n sobre el caso.<\/p>\n<p>  Durante el desarrollo del juicio, el jurado popular deber\u00e1 evaluar las tres opciones posibles que se presentar\u00e1n durante el debate para dar un veredicto final: encontrarlo culpable por homicidio simple, un delito que contempla una pena de hasta 25 a\u00f1os de prisi\u00f3n, encontrarlo culpable por exceso en la leg\u00edtima defensa o dar un veredicto de no culpabilidad en caso de entiendan que el acusado actu\u00f3 en \u201cleg\u00edtima defensa\u201d.<\/p>\n<p>  El hecho, que sucedi\u00f3 el 13 de septiembre de 2016, inici\u00f3 cuando dos personas ingresaron a la carnicer\u00eda de Daniel \u201cBilly\u201d Oyarz\u00fan para robarle y tras disparar varias veces dentro del local se llevaron la suma de $5.000. El comerciante, lejos de asustarse, sali\u00f3 a perseguir a los ladrones con su auto, un Peugeot 306 color verde, cuando, en la huida, los dos sujetos cayeron de la moto en la que se escapaban. En ese entonces, el carnicero alcanz\u00f3 a uno de ellos, lo atropell\u00f3 contra un poste y lo hiri\u00f3 de gravedad.<\/p>\n<p>  Un grupo de vecinos se acerc\u00f3 al hombre atropellado, comenzaron a insultarlo y luego le dieron una paliza. Minutos despu\u00e9s, la persona identificada como Brian Gonz\u00e1lez de 24 a\u00f1os fue rescatado por personal de bomberos voluntarios y de la polic\u00eda local, y posteriormente trasladado por una ambulancia del SEMU al hospital Virgen del Carmen, donde tras horas de agon\u00eda muri\u00f3.<\/p>\n<p>  La definici\u00f3n del caso, que encendi\u00f3 el debate en el pa\u00eds sobre la leg\u00edtima defensa luego de que los propios vecinos de la localidad tomaran la municipalidad para pedir la libertad de Oyarz\u00fan, tendr\u00e1 lugar entre el lunes 10 y jueves 13 de septiembre cuando 12 ciudadanos tomar\u00e1n la decisi\u00f3n sobre el caso.<\/p>\n<p>  Durante el desarrollo del juicio, el jurado popular deber\u00e1 evaluar las tres opciones posibles que se presentar\u00e1n durante el debate para dar un veredicto final: encontrarlo culpable por homicidio simple, un delito que contempla una pena de hasta 25 a\u00f1os de prisi\u00f3n, encontrarlo culpable por exceso en la leg\u00edtima defensa o dar un veredicto de no culpabilidad en caso de entiendan que el acusado actu\u00f3 en \u201cleg\u00edtima defensa\u201d.<\/p>\n<p>Fuente: Enlace Cr\u00edtico<\/p>\n","protected":false},"excerpt":{"rendered":"<p>A casi dos a\u00f1os del caso que conmocion\u00f3 a Z\u00e1rate y que tuvo repercusi\u00f3n nacional ya que hasta el propio presidente Macri se refiri\u00f3 al tema, un jurado popular compuesto por doce ciudadanos definir\u00e1 si el carnicero Daniel \u201cBilly\u201d Oyarz\u00fan actu\u00f3 en leg\u00edtima defensa o protagoniz\u00f3 un \u201chomicidio simple\u201d cuando atropell\u00f3, caus\u00e1ndole heridas graves que [&hellip;]<\/p>\n","protected":false},"author":4,"featured_media":39820,"comment_status":"open","ping_status":"closed","sticky":false,"template":"","format":"standard","meta":{"om_disable_all_campaigns":false,"_jetpack_memberships_contains_paid_content":false,"footnotes":""},"categories":[621],"tags":[],"class_list":["post-39818","post","type-post","status-publish","format-standard","has-post-thumbnail","hentry","category-regionales"],"aioseo_notices":[],"gutentor_comment":0,"jetpack_featured_media_url":"https:\/\/eldiariodesanpedro.com.ar\/sitio\/wp-content\/uploads\/2018\/09\/Daniel-Oyarz\u00fan.jpg","jetpack_shortlink":"https:\/\/wp.me\/p6RhLt-ame","jetpack_sharing_enabled":true,"_links":{"self":[{"href":"https:\/\/eldiariodesanpedro.com.ar\/sitio\/wp-json\/wp\/v2\/posts\/39818","targetHints":{"allow":["GET"]}}],"collection":[{"href":"https:\/\/eldiariodesanpedro.com.ar\/sitio\/wp-json\/wp\/v2\/posts"}],"about":[{"href":"https:\/\/eldiariodesanpedro.com.ar\/sitio\/wp-json\/wp\/v2\/types\/post"}],"author":[{"embeddable":true,"href":"https:\/\/eldiariodesanpedro.com.ar\/sitio\/wp-json\/wp\/v2\/users\/4"}],"replies":[{"embeddable":true,"href":"https:\/\/eldiariodesanpedro.com.ar\/sitio\/wp-json\/wp\/v2\/comments?post=39818"}],"version-history":[{"count":1,"href":"https:\/\/eldiariodesanpedro.com.ar\/sitio\/wp-json\/wp\/v2\/posts\/39818\/revisions"}],"predecessor-version":[{"id":39821,"href":"https:\/\/eldiariodesanpedro.com.ar\/sitio\/wp-json\/wp\/v2\/posts\/39818\/revisions\/39821"}],"wp:featuredmedia":[{"embeddable":true,"href":"https:\/\/eldiariodesanpedro.com.ar\/sitio\/wp-json\/wp\/v2\/media\/39820"}],"wp:attachment":[{"href":"https:\/\/eldiariodesanpedro.com.ar\/sitio\/wp-json\/wp\/v2\/media?parent=39818"}],"wp:term":[{"taxonomy":"category","embeddable":true,"href":"https:\/\/eldiariodesanpedro.com.ar\/sitio\/wp-json\/wp\/v2\/categories?post=39818"},{"taxonomy":"post_tag","embeddable":true,"href":"https:\/\/eldiariodesanpedro.com.ar\/sitio\/wp-json\/wp\/v2\/tags?post=39818"}],"curies":[{"name":"wp","href":"https:\/\/api.w.org\/{rel}","templated":true}]}}