{"id":39815,"date":"2018-09-07T20:56:29","date_gmt":"2018-09-07T23:56:29","guid":{"rendered":"https:\/\/eldiariodesanpedro.com.ar\/sitio\/?p=39815"},"modified":"2018-09-07T20:56:29","modified_gmt":"2018-09-07T23:56:29","slug":"san-antonio-de-areco-fatal-accidente-en-ruta-provincial-41","status":"publish","type":"post","link":"https:\/\/eldiariodesanpedro.com.ar\/sitio\/san-antonio-de-areco-fatal-accidente-en-ruta-provincial-41\/","title":{"rendered":"SAN ANTONIO DE ARECO: Fatal accidente en Ruta Provincial 41"},"content":{"rendered":"<p><!-- VideographyWP Plugin Message: Automatic video embedding prevented by plugin options. --><br \/>\nUn cami\u00f3n Mercedes Benz blanco con semi remolque perdi\u00f3 el control, volcando sobre la banquina lado izquierdo sentido San Andr\u00e9s de Giles \u2013 San Antonio de Areco.<\/p>\n<p>  En la ma\u00f1ana del viernes, alrededor de las 5:30 hs, a metros del puente de Vagues, un cami\u00f3n Mercedes Benz blanco con semi remolque color azul perdi\u00f3 el control, volcando sobre la banquina lado izquierdo sentido San Andr\u00e9s de Giles \u2013 San Antonio de Areco.<\/p>\n<p>  Cuando polic\u00eda y bomberos arribaron al lugar, se encontraron con que el conductor estaba sin vida lamentablemente. A\u00fan se desconoce la identidad del mismo.<\/p>\n<p><img decoding=\"async\" data-attachment-id=\"39817\" data-permalink=\"https:\/\/eldiariodesanpedro.com.ar\/sitio\/san-antonio-de-areco-fatal-accidente-en-ruta-provincial-41\/accidente-fatal-ruta-141\/\" data-orig-file=\"https:\/\/eldiariodesanpedro.com.ar\/sitio\/wp-content\/uploads\/2018\/09\/accidente-fatal-ruta-141.jpg\" data-orig-size=\"500,560\" data-comments-opened=\"1\" data-image-meta=\"{&quot;aperture&quot;:&quot;0&quot;,&quot;credit&quot;:&quot;&quot;,&quot;camera&quot;:&quot;&quot;,&quot;caption&quot;:&quot;&quot;,&quot;created_timestamp&quot;:&quot;0&quot;,&quot;copyright&quot;:&quot;&quot;,&quot;focal_length&quot;:&quot;0&quot;,&quot;iso&quot;:&quot;0&quot;,&quot;shutter_speed&quot;:&quot;0&quot;,&quot;title&quot;:&quot;&quot;,&quot;orientation&quot;:&quot;0&quot;}\" data-image-title=\"accidente fatal ruta 141\" data-image-description=\"\" data-image-caption=\"\" data-large-file=\"https:\/\/eldiariodesanpedro.com.ar\/sitio\/wp-content\/uploads\/2018\/09\/accidente-fatal-ruta-141.jpg\" data-src=\"https:\/\/eldiariodesanpedro.com.ar\/sitio\/wp-content\/uploads\/2018\/09\/accidente-fatal-ruta-141.jpg\" alt=\"\" width=\"500\" height=\"560\" class=\"alignnone size-full wp-image-39817 lazyload\" data-srcset=\"https:\/\/eldiariodesanpedro.com.ar\/sitio\/wp-content\/uploads\/2018\/09\/accidente-fatal-ruta-141.jpg 500w, https:\/\/eldiariodesanpedro.com.ar\/sitio\/wp-content\/uploads\/2018\/09\/accidente-fatal-ruta-141-268x300.jpg 268w\" data-sizes=\"(max-width: 500px) 100vw, 500px\" src=\"data:image\/svg+xml;base64,PHN2ZyB3aWR0aD0iMSIgaGVpZ2h0PSIxIiB4bWxucz0iaHR0cDovL3d3dy53My5vcmcvMjAwMC9zdmciPjwvc3ZnPg==\" style=\"--smush-placeholder-width: 500px; --smush-placeholder-aspect-ratio: 500\/560;\" \/><\/p>\n<p>Fuente: Bosco Producciones<\/p>\n","protected":false},"excerpt":{"rendered":"<p>Un cami\u00f3n Mercedes Benz blanco con semi remolque perdi\u00f3 el control, volcando sobre la banquina lado izquierdo sentido San Andr\u00e9s de Giles \u2013 San Antonio de Areco. En la ma\u00f1ana del viernes, alrededor de las 5:30 hs, a metros del puente de Vagues, un cami\u00f3n Mercedes Benz blanco con semi remolque color azul perdi\u00f3 el [&hellip;]<\/p>\n","protected":false},"author":4,"featured_media":39816,"comment_status":"open","ping_status":"closed","sticky":false,"template":"","format":"standard","meta":{"om_disable_all_campaigns":false,"_jetpack_memberships_contains_paid_content":false,"footnotes":""},"categories":[621],"tags":[],"class_list":["post-39815","post","type-post","status-publish","format-standard","has-post-thumbnail","hentry","category-regionales"],"aioseo_notices":[],"gutentor_comment":0,"jetpack_featured_media_url":"https:\/\/eldiariodesanpedro.com.ar\/sitio\/wp-content\/uploads\/2018\/09\/san-antonio-de-areco-Fatal-accidente-en-Ruta-Provincial-41.jpg","jetpack_shortlink":"https:\/\/wp.me\/p6RhLt-amb","jetpack_sharing_enabled":true,"_links":{"self":[{"href":"https:\/\/eldiariodesanpedro.com.ar\/sitio\/wp-json\/wp\/v2\/posts\/39815","targetHints":{"allow":["GET"]}}],"collection":[{"href":"https:\/\/eldiariodesanpedro.com.ar\/sitio\/wp-json\/wp\/v2\/posts"}],"about":[{"href":"https:\/\/eldiariodesanpedro.com.ar\/sitio\/wp-json\/wp\/v2\/types\/post"}],"author":[{"embeddable":true,"href":"https:\/\/eldiariodesanpedro.com.ar\/sitio\/wp-json\/wp\/v2\/users\/4"}],"replies":[{"embeddable":true,"href":"https:\/\/eldiariodesanpedro.com.ar\/sitio\/wp-json\/wp\/v2\/comments?post=39815"}],"version-history":[{"count":1,"href":"https:\/\/eldiariodesanpedro.com.ar\/sitio\/wp-json\/wp\/v2\/posts\/39815\/revisions"}],"predecessor-version":[{"id":39819,"href":"https:\/\/eldiariodesanpedro.com.ar\/sitio\/wp-json\/wp\/v2\/posts\/39815\/revisions\/39819"}],"wp:featuredmedia":[{"embeddable":true,"href":"https:\/\/eldiariodesanpedro.com.ar\/sitio\/wp-json\/wp\/v2\/media\/39816"}],"wp:attachment":[{"href":"https:\/\/eldiariodesanpedro.com.ar\/sitio\/wp-json\/wp\/v2\/media?parent=39815"}],"wp:term":[{"taxonomy":"category","embeddable":true,"href":"https:\/\/eldiariodesanpedro.com.ar\/sitio\/wp-json\/wp\/v2\/categories?post=39815"},{"taxonomy":"post_tag","embeddable":true,"href":"https:\/\/eldiariodesanpedro.com.ar\/sitio\/wp-json\/wp\/v2\/tags?post=39815"}],"curies":[{"name":"wp","href":"https:\/\/api.w.org\/{rel}","templated":true}]}}