{"id":39810,"date":"2018-09-07T20:51:05","date_gmt":"2018-09-07T23:51:05","guid":{"rendered":"https:\/\/eldiariodesanpedro.com.ar\/sitio\/?p=39810"},"modified":"2018-09-07T20:51:05","modified_gmt":"2018-09-07T23:51:05","slug":"ramallo-tres-escuelas-sin-clases-por-una-amenaza-de-bomba","status":"publish","type":"post","link":"https:\/\/eldiariodesanpedro.com.ar\/sitio\/ramallo-tres-escuelas-sin-clases-por-una-amenaza-de-bomba\/","title":{"rendered":"RAMALLO: Tres Escuelas sin clases por una amenaza de bomba"},"content":{"rendered":"<p><!-- VideographyWP Plugin Message: Automatic video embedding prevented by plugin options. --><br \/>\nEste jueves por la tarde, una llamada an\u00f3nima al 911 advirti\u00f3 que al d\u00eda siguiente iban a poner cuatro bombas en la Escuela \u201c1\u201d.<\/p>\n<p>  Se desaloj\u00f3 la primaria que est\u00e1 cerca de la Municipalidad, pero al no especificar el audio a que establecimiento se estaba refiriendo (en Villa Ramallo est\u00e1n la Media y T\u00e9cnica que tambi\u00e9n son n\u00famero 1) tambi\u00e9n se adoptaron medidas.<br \/>\n  Este jueves, el servicio de emergencias 911 recibi\u00f3 una llamada an\u00f3nima que amenazaba con poner bombas en la Escuela N\u00b01 si no dejaban \u201c10 millones en el r\u00edo Paran\u00e1\u201d.<br \/>\n  De manera preventiva, cerca de las 16.00 hs., se tom\u00f3 la decisi\u00f3n de desalojar el edificio de la Escuela Primaria N\u00b01 \u201cRafael Obligado\u201d y avisar a los padres para que retiren a los chicos en la Plaza \u201cJos\u00e9 Mar\u00eda Bustos\u201d.<br \/>\n  Las autoridades decidieron suspender las clases por seguridad y para que los especialistas puedan revisar mejor el establecimiento.<br \/>\n  Es la segunda amenaza en pocos d\u00edas despu\u00e9s de la que recibieron en la Escuela T\u00e9cnica N\u00b01 \u201cBonifacio Vel\u00e1zquez\u201d por Facebook.<\/p>\n<p>Fuente: Meta FM<\/p>\n","protected":false},"excerpt":{"rendered":"<p>Este jueves por la tarde, una llamada an\u00f3nima al 911 advirti\u00f3 que al d\u00eda siguiente iban a poner cuatro bombas en la Escuela \u201c1\u201d. Se desaloj\u00f3 la primaria que est\u00e1 cerca de la Municipalidad, pero al no especificar el audio a que establecimiento se estaba refiriendo (en Villa Ramallo est\u00e1n la Media y T\u00e9cnica que [&hellip;]<\/p>\n","protected":false},"author":4,"featured_media":39812,"comment_status":"open","ping_status":"closed","sticky":false,"template":"","format":"standard","meta":{"om_disable_all_campaigns":false,"_jetpack_memberships_contains_paid_content":false,"footnotes":""},"categories":[621],"tags":[],"class_list":["post-39810","post","type-post","status-publish","format-standard","has-post-thumbnail","hentry","category-regionales"],"aioseo_notices":[],"gutentor_comment":0,"jetpack_featured_media_url":"https:\/\/eldiariodesanpedro.com.ar\/sitio\/wp-content\/uploads\/2018\/09\/escuela-ramallo.jpg","jetpack_shortlink":"https:\/\/wp.me\/p6RhLt-am6","jetpack_sharing_enabled":true,"_links":{"self":[{"href":"https:\/\/eldiariodesanpedro.com.ar\/sitio\/wp-json\/wp\/v2\/posts\/39810","targetHints":{"allow":["GET"]}}],"collection":[{"href":"https:\/\/eldiariodesanpedro.com.ar\/sitio\/wp-json\/wp\/v2\/posts"}],"about":[{"href":"https:\/\/eldiariodesanpedro.com.ar\/sitio\/wp-json\/wp\/v2\/types\/post"}],"author":[{"embeddable":true,"href":"https:\/\/eldiariodesanpedro.com.ar\/sitio\/wp-json\/wp\/v2\/users\/4"}],"replies":[{"embeddable":true,"href":"https:\/\/eldiariodesanpedro.com.ar\/sitio\/wp-json\/wp\/v2\/comments?post=39810"}],"version-history":[{"count":1,"href":"https:\/\/eldiariodesanpedro.com.ar\/sitio\/wp-json\/wp\/v2\/posts\/39810\/revisions"}],"predecessor-version":[{"id":39814,"href":"https:\/\/eldiariodesanpedro.com.ar\/sitio\/wp-json\/wp\/v2\/posts\/39810\/revisions\/39814"}],"wp:featuredmedia":[{"embeddable":true,"href":"https:\/\/eldiariodesanpedro.com.ar\/sitio\/wp-json\/wp\/v2\/media\/39812"}],"wp:attachment":[{"href":"https:\/\/eldiariodesanpedro.com.ar\/sitio\/wp-json\/wp\/v2\/media?parent=39810"}],"wp:term":[{"taxonomy":"category","embeddable":true,"href":"https:\/\/eldiariodesanpedro.com.ar\/sitio\/wp-json\/wp\/v2\/categories?post=39810"},{"taxonomy":"post_tag","embeddable":true,"href":"https:\/\/eldiariodesanpedro.com.ar\/sitio\/wp-json\/wp\/v2\/tags?post=39810"}],"curies":[{"name":"wp","href":"https:\/\/api.w.org\/{rel}","templated":true}]}}