{"id":39807,"date":"2018-09-07T20:46:46","date_gmt":"2018-09-07T23:46:46","guid":{"rendered":"https:\/\/eldiariodesanpedro.com.ar\/sitio\/?p=39807"},"modified":"2018-09-07T20:46:46","modified_gmt":"2018-09-07T23:46:46","slug":"arrecifes-se-celebro-el-dia-del-inmigrante","status":"publish","type":"post","link":"https:\/\/eldiariodesanpedro.com.ar\/sitio\/arrecifes-se-celebro-el-dia-del-inmigrante\/","title":{"rendered":"ARRECIFES: Se celebr\u00f3 el D\u00eda del Inmigrante"},"content":{"rendered":"<p><!-- VideographyWP Plugin Message: Automatic video embedding prevented by plugin options. --><br \/>\nEste martes, en la plaza Almirante Brown, organizado por la Direcci\u00f3n de Cultura y Educaci\u00f3n de la Municipalidad, se celebr\u00f3 en Arrecifes el D\u00eda del Inmigrante, como cada 4 de septiembre, de acuerdo a lo establecido por decreto nacional N\u00b0 21430 del a\u00f1o 1949.<\/p>\n<p>  El acto fue encabezado por el secretario de Gobierno, Sergio Aldazabal, y cont\u00f3 con la presencia de autoridades municipales, eclesi\u00e1sticas, educativas, colectividades, docentes, alumnos, instituciones intermedias y vecinos.<\/p>\n<p>Fuente: Arrecifes Noticias<\/p>\n","protected":false},"excerpt":{"rendered":"<p>Este martes, en la plaza Almirante Brown, organizado por la Direcci\u00f3n de Cultura y Educaci\u00f3n de la Municipalidad, se celebr\u00f3 en Arrecifes el D\u00eda del Inmigrante, como cada 4 de septiembre, de acuerdo a lo establecido por decreto nacional N\u00b0 21430 del a\u00f1o 1949. El acto fue encabezado por el secretario de Gobierno, Sergio Aldazabal, [&hellip;]<\/p>\n","protected":false},"author":4,"featured_media":39808,"comment_status":"open","ping_status":"closed","sticky":false,"template":"","format":"standard","meta":{"om_disable_all_campaigns":false,"_jetpack_memberships_contains_paid_content":false,"footnotes":""},"categories":[621],"tags":[],"class_list":["post-39807","post","type-post","status-publish","format-standard","has-post-thumbnail","hentry","category-regionales"],"aioseo_notices":[],"gutentor_comment":0,"jetpack_featured_media_url":"https:\/\/eldiariodesanpedro.com.ar\/sitio\/wp-content\/uploads\/2018\/09\/Festividad-del-D\u00eda-del-Inmigrante.jpg","jetpack_shortlink":"https:\/\/wp.me\/p6RhLt-am3","jetpack_sharing_enabled":true,"_links":{"self":[{"href":"https:\/\/eldiariodesanpedro.com.ar\/sitio\/wp-json\/wp\/v2\/posts\/39807","targetHints":{"allow":["GET"]}}],"collection":[{"href":"https:\/\/eldiariodesanpedro.com.ar\/sitio\/wp-json\/wp\/v2\/posts"}],"about":[{"href":"https:\/\/eldiariodesanpedro.com.ar\/sitio\/wp-json\/wp\/v2\/types\/post"}],"author":[{"embeddable":true,"href":"https:\/\/eldiariodesanpedro.com.ar\/sitio\/wp-json\/wp\/v2\/users\/4"}],"replies":[{"embeddable":true,"href":"https:\/\/eldiariodesanpedro.com.ar\/sitio\/wp-json\/wp\/v2\/comments?post=39807"}],"version-history":[{"count":1,"href":"https:\/\/eldiariodesanpedro.com.ar\/sitio\/wp-json\/wp\/v2\/posts\/39807\/revisions"}],"predecessor-version":[{"id":39811,"href":"https:\/\/eldiariodesanpedro.com.ar\/sitio\/wp-json\/wp\/v2\/posts\/39807\/revisions\/39811"}],"wp:featuredmedia":[{"embeddable":true,"href":"https:\/\/eldiariodesanpedro.com.ar\/sitio\/wp-json\/wp\/v2\/media\/39808"}],"wp:attachment":[{"href":"https:\/\/eldiariodesanpedro.com.ar\/sitio\/wp-json\/wp\/v2\/media?parent=39807"}],"wp:term":[{"taxonomy":"category","embeddable":true,"href":"https:\/\/eldiariodesanpedro.com.ar\/sitio\/wp-json\/wp\/v2\/categories?post=39807"},{"taxonomy":"post_tag","embeddable":true,"href":"https:\/\/eldiariodesanpedro.com.ar\/sitio\/wp-json\/wp\/v2\/tags?post=39807"}],"curies":[{"name":"wp","href":"https:\/\/api.w.org\/{rel}","templated":true}]}}