{"id":39798,"date":"2018-09-07T20:41:31","date_gmt":"2018-09-07T23:41:31","guid":{"rendered":"https:\/\/eldiariodesanpedro.com.ar\/sitio\/?p=39798"},"modified":"2018-09-07T20:41:31","modified_gmt":"2018-09-07T23:41:31","slug":"salazar-desmintio-que-las-62-organizaciones-y-el-partido-fe-se-alejen-del-gobierno","status":"publish","type":"post","link":"https:\/\/eldiariodesanpedro.com.ar\/sitio\/salazar-desmintio-que-las-62-organizaciones-y-el-partido-fe-se-alejen-del-gobierno\/","title":{"rendered":"Salazar desminti\u00f3 que las 62 Organizaciones y el Partido FE se alejen del gobierno"},"content":{"rendered":"<p><!-- VideographyWP Plugin Message: Automatic video embedding prevented by plugin options. --><br \/>\nEl Intendente de nuestra ciudad despej\u00f3 todas las dudas luego que surgieran algunas versiones sobre la supuesta ruptura del sector que \u00e9l integra con el oficialismo.<\/p>\n<p>  El pa\u00eds atraviesa momentos dif\u00edciles y desde el inicio de la gesti\u00f3n de Cambiemos, tanto el Partido FE como las 62 organizaciones respaldaron tanto al presidente Macri como a la gobernadora Vidal.<br \/>\n  Si bien existe un comunicado que las 62 Organizaciones elabor\u00f3 refiri\u00e9ndose a la actualidad del pa\u00eds, eso no significa que haya distanciamientos o ruptura. Y fue el propio Intendente Cecilio Salazar, vicepresidente del Partido FE provincia, quien se encarg\u00f3 de se\u00f1alar que no existe ning\u00fan tipo de resquebrajamiento y que los trascendidos de las \u00faltimas horas son parte del desprestigio que se pretende instalar desde sectores opuestos al gobierno.   <\/p>\n<p><strong>Comunicado de prensa de las 62 Organizaciones<\/strong><br \/>\n  El Consejo Directivo de las 62 Organizaciones Peronistas  en un marco  de construcci\u00f3n objetiva, en pos de generar y propiciar un canal de dialogo con el Gobierno a nivel  Nacional, vemos con preocupaci\u00f3n el encuadre  otorgado  al Ministerio de Trabajo  y  Salud de la Naci\u00f3n, desplaz\u00e1ndolos de  sus atribuciones  formales subsumiendo los mismos  en otro formato simb\u00f3lico, que nada tiene que ver con su real funci\u00f3n, como articuladores de pol\u00edticas p\u00fablicas hacia el conjunto de las organizaciones sindicales y trabajadores de todo el pa\u00eds.<br \/>\n  Asimismo, advertimos que en pos de mostrar una optimizaci\u00f3n de recursos del Estado, con la reducci\u00f3n operativa de \u00e1reas sensibles de gobierno, que podr\u00edan producir incertidumbre en el acompa\u00f1amiento de soluciones superadoras del movimiento obrero organizado, solo apreciamos que profundizar\u00eda una crisis a\u00fan mayor que la posible soluci\u00f3n planteada.<\/p>\n<p>  Como la  voz del movimiento obrero y brazo pol\u00edtico del mismo, con el \u00e1nimo de buscar punto de acuerdo y propiciar claridad a esta decisi\u00f3n emergente de fuertes presiones internas y externas, tal vez sin un sentido pr\u00e1ctico, solo por mostrar una soluci\u00f3n de coyuntura, es que advertimos que se est\u00e1n alejando del acompa\u00f1amiento del conjunto de las organizaciones  sindicales, pol\u00edticas y  sociales, con la visi\u00f3n de un gran acuerdo nacional, los alejan de cualquier soluci\u00f3n, acentuando la inequidad y la brecha social de los sectores m\u00e1s desprotegidos de nuestra sociedad.<\/p>\n<p>  Entendemos que el Gobierno Nacional, como tal deber\u00eda propender a generar un estado de bienestar al conjunto de los ciudadanos de nuestra naci\u00f3n, donde se garantice igualdad de derechos y oportunidades, conducente a mejorar la calidad de vida de todos, al contener y dar tranquilidad a los ciudadanos como eje de cualquier pol\u00edtica p\u00fablica, que sustente mayor y mejor democracia.<\/p>\n<p>  Pedimos a los integrantes del Poder Ejecutivo Nacional que reflexionen sobre el rumbo trazado, pues la incertidumbre es mayor cada d\u00eda que pasa y, en un pa\u00eds donde el recorte de derechos es el eje de una estrategia de crisis, estar\u00e1n inexorablemente provocando una presi\u00f3n mayor sobre el conjunto de trabajadores.<\/p>\n<p>Fuente: San Pedro Informa<\/p>\n","protected":false},"excerpt":{"rendered":"<p>El Intendente de nuestra ciudad despej\u00f3 todas las dudas luego que surgieran algunas versiones sobre la supuesta ruptura del sector que \u00e9l integra con el oficialismo. El pa\u00eds atraviesa momentos dif\u00edciles y desde el inicio de la gesti\u00f3n de Cambiemos, tanto el Partido FE como las 62 organizaciones respaldaron tanto al presidente Macri como a [&hellip;]<\/p>\n","protected":false},"author":4,"featured_media":39800,"comment_status":"open","ping_status":"closed","sticky":false,"template":"","format":"standard","meta":{"om_disable_all_campaigns":false,"_jetpack_memberships_contains_paid_content":false,"footnotes":""},"categories":[2,102],"tags":[],"class_list":["post-39798","post","type-post","status-publish","format-standard","has-post-thumbnail","hentry","category-locales","category-politica-locales"],"aioseo_notices":[],"gutentor_comment":0,"jetpack_featured_media_url":"https:\/\/eldiariodesanpedro.com.ar\/sitio\/wp-content\/uploads\/2018\/09\/Salazar-desminti\u00f3-que-las-62-Organizaciones-y-el-Partido-FE-se-alejen-del-gobierno.jpg","jetpack_shortlink":"https:\/\/wp.me\/p6RhLt-alU","jetpack_sharing_enabled":true,"_links":{"self":[{"href":"https:\/\/eldiariodesanpedro.com.ar\/sitio\/wp-json\/wp\/v2\/posts\/39798","targetHints":{"allow":["GET"]}}],"collection":[{"href":"https:\/\/eldiariodesanpedro.com.ar\/sitio\/wp-json\/wp\/v2\/posts"}],"about":[{"href":"https:\/\/eldiariodesanpedro.com.ar\/sitio\/wp-json\/wp\/v2\/types\/post"}],"author":[{"embeddable":true,"href":"https:\/\/eldiariodesanpedro.com.ar\/sitio\/wp-json\/wp\/v2\/users\/4"}],"replies":[{"embeddable":true,"href":"https:\/\/eldiariodesanpedro.com.ar\/sitio\/wp-json\/wp\/v2\/comments?post=39798"}],"version-history":[{"count":2,"href":"https:\/\/eldiariodesanpedro.com.ar\/sitio\/wp-json\/wp\/v2\/posts\/39798\/revisions"}],"predecessor-version":[{"id":39805,"href":"https:\/\/eldiariodesanpedro.com.ar\/sitio\/wp-json\/wp\/v2\/posts\/39798\/revisions\/39805"}],"wp:featuredmedia":[{"embeddable":true,"href":"https:\/\/eldiariodesanpedro.com.ar\/sitio\/wp-json\/wp\/v2\/media\/39800"}],"wp:attachment":[{"href":"https:\/\/eldiariodesanpedro.com.ar\/sitio\/wp-json\/wp\/v2\/media?parent=39798"}],"wp:term":[{"taxonomy":"category","embeddable":true,"href":"https:\/\/eldiariodesanpedro.com.ar\/sitio\/wp-json\/wp\/v2\/categories?post=39798"},{"taxonomy":"post_tag","embeddable":true,"href":"https:\/\/eldiariodesanpedro.com.ar\/sitio\/wp-json\/wp\/v2\/tags?post=39798"}],"curies":[{"name":"wp","href":"https:\/\/api.w.org\/{rel}","templated":true}]}}