{"id":39796,"date":"2018-09-07T20:38:41","date_gmt":"2018-09-07T23:38:41","guid":{"rendered":"https:\/\/eldiariodesanpedro.com.ar\/sitio\/?p=39796"},"modified":"2018-09-07T20:38:41","modified_gmt":"2018-09-07T23:38:41","slug":"inta-san-pedro-las-escuelas-van-al-campo","status":"publish","type":"post","link":"https:\/\/eldiariodesanpedro.com.ar\/sitio\/inta-san-pedro-las-escuelas-van-al-campo\/","title":{"rendered":"INTA SAN PEDRO: Las escuelas van al campo"},"content":{"rendered":"<p><!-- VideographyWP Plugin Message: Automatic video embedding prevented by plugin options. --><br \/>\nLa experiencia se repite cada a\u00f1o en octubre. Son miles de estudiantes vivenciando una propuesta que INTA San Pedro proyecta especialmente para el \u00e1rea educativa. En 2018 se concreta la 17\u00b0 edici\u00f3n.<\/p>\n<p>  Los agentes de INTA acompa\u00f1an este espacio dise\u00f1ado para estudiantes de nivel primaria y secundaria, con y sin orientaci\u00f3n agrot\u00e9cnica, que se realiza anualmente en el mes de octubre. La EEA San Pedro recibe a instituciones educativas que deseen conocer las actividades que all\u00ed se desarrollan en un circuito que dura aproximadamente 3 horas. Los alumnos tienen la posibilidad de interactuar con los profesionales durante un recorrido pensado espec\u00edficamente para la atenci\u00f3n de los colegios.<\/p>\n<p>  El monte frutal, la huerta, los cultivos locales, la hidroponia y la higiene y seguridad en el agro son las tem\u00e1ticas m\u00e1s solicitadas para visitar. La valoraci\u00f3n del medio rural, la apicultura, el manejo de plagas y enfermedades en frutas y hortalizas y la agrometeorolog\u00eda tambi\u00e9n son factores que marcan el inter\u00e9s de las escuelas a la hora de inscribirse. En este sentido, el personal de la Estaci\u00f3n Experimental se prepara intensamente para recibir a los alumnos con la organizaci\u00f3n de algunas estaciones.<\/p>\n<p><strong>Los detalles<\/strong><\/p>\n<p><em>\u00bfCu\u00e1ndo?<\/em><br \/>\n9, 10 y 11 de octubre \u2013 Turno ma\u00f1ana y tarde \u2013 De 8.30 a 16.00 hs.<br \/>\n<em>\u00bfD\u00f3nde?<\/em><br \/>\nEEA San Pedro, Ruta 9 km 170<\/p>\n","protected":false},"excerpt":{"rendered":"<p>La experiencia se repite cada a\u00f1o en octubre. Son miles de estudiantes vivenciando una propuesta que INTA San Pedro proyecta especialmente para el \u00e1rea educativa. En 2018 se concreta la 17\u00b0 edici\u00f3n. Los agentes de INTA acompa\u00f1an este espacio dise\u00f1ado para estudiantes de nivel primaria y secundaria, con y sin orientaci\u00f3n agrot\u00e9cnica, que se realiza [&hellip;]<\/p>\n","protected":false},"author":4,"featured_media":9620,"comment_status":"open","ping_status":"closed","sticky":false,"template":"","format":"standard","meta":{"om_disable_all_campaigns":false,"_jetpack_memberships_contains_paid_content":false,"footnotes":""},"categories":[101,2],"tags":[],"class_list":["post-39796","post","type-post","status-publish","format-standard","has-post-thumbnail","hentry","category-interes-general-locales","category-locales"],"aioseo_notices":[],"gutentor_comment":0,"jetpack_featured_media_url":"https:\/\/eldiariodesanpedro.com.ar\/sitio\/wp-content\/uploads\/2016\/11\/inta.jpg","jetpack_shortlink":"https:\/\/wp.me\/p6RhLt-alS","jetpack_sharing_enabled":true,"_links":{"self":[{"href":"https:\/\/eldiariodesanpedro.com.ar\/sitio\/wp-json\/wp\/v2\/posts\/39796","targetHints":{"allow":["GET"]}}],"collection":[{"href":"https:\/\/eldiariodesanpedro.com.ar\/sitio\/wp-json\/wp\/v2\/posts"}],"about":[{"href":"https:\/\/eldiariodesanpedro.com.ar\/sitio\/wp-json\/wp\/v2\/types\/post"}],"author":[{"embeddable":true,"href":"https:\/\/eldiariodesanpedro.com.ar\/sitio\/wp-json\/wp\/v2\/users\/4"}],"replies":[{"embeddable":true,"href":"https:\/\/eldiariodesanpedro.com.ar\/sitio\/wp-json\/wp\/v2\/comments?post=39796"}],"version-history":[{"count":1,"href":"https:\/\/eldiariodesanpedro.com.ar\/sitio\/wp-json\/wp\/v2\/posts\/39796\/revisions"}],"predecessor-version":[{"id":39799,"href":"https:\/\/eldiariodesanpedro.com.ar\/sitio\/wp-json\/wp\/v2\/posts\/39796\/revisions\/39799"}],"wp:featuredmedia":[{"embeddable":true,"href":"https:\/\/eldiariodesanpedro.com.ar\/sitio\/wp-json\/wp\/v2\/media\/9620"}],"wp:attachment":[{"href":"https:\/\/eldiariodesanpedro.com.ar\/sitio\/wp-json\/wp\/v2\/media?parent=39796"}],"wp:term":[{"taxonomy":"category","embeddable":true,"href":"https:\/\/eldiariodesanpedro.com.ar\/sitio\/wp-json\/wp\/v2\/categories?post=39796"},{"taxonomy":"post_tag","embeddable":true,"href":"https:\/\/eldiariodesanpedro.com.ar\/sitio\/wp-json\/wp\/v2\/tags?post=39796"}],"curies":[{"name":"wp","href":"https:\/\/api.w.org\/{rel}","templated":true}]}}