{"id":39794,"date":"2018-09-07T20:36:19","date_gmt":"2018-09-07T23:36:19","guid":{"rendered":"https:\/\/eldiariodesanpedro.com.ar\/sitio\/?p=39794"},"modified":"2018-09-07T20:36:19","modified_gmt":"2018-09-07T23:36:19","slug":"subcomisario-galeano-vamos-a-maximizar-todos-nuestros-esfuerzos-por-la-seguridad-de-san-pedro","status":"publish","type":"post","link":"https:\/\/eldiariodesanpedro.com.ar\/sitio\/subcomisario-galeano-vamos-a-maximizar-todos-nuestros-esfuerzos-por-la-seguridad-de-san-pedro\/","title":{"rendered":"Subcomisario Galeano: \u201cVamos a maximizar todos nuestros esfuerzos por la seguridad de San Pedro\u201d"},"content":{"rendered":"<p><!-- VideographyWP Plugin Message: Automatic video embedding prevented by plugin options. --><br \/>\nEn conferencia de prensa fue presentado el nuevo titular de la Comisar\u00eda San Pedro.<\/p>\n<p>  Con la presencia de las principales autoridades de seguridad de la ciudad fue puesto en funciones oficialmente el Subcomisario Andr\u00e9s Galeano.  <\/p>\n<p>  El flamante funcionario, de 46 a\u00f1os y oriundo de San Nicol\u00e1s, se hizo cargo de la Comisar\u00eda San Pedro en reemplazo del Comisario Juan Catalano que solicit\u00f3 su relevo y pas\u00f3 a cumplir funciones como jefe de turno a la Departamental San Nicol\u00e1s.<\/p>\n<p>  \u201cEstoy agradecido a las autoridades por brindarme su confianza y todo el apoyo\u201d, dijo Galeano. \u201cVamos a maximizar todos nuestros esfuerzos por la seguridad de San Pedro\u201d.<\/p>\n<p>  \u201cA partir de ahora mi responsabilidad es a\u00fan mayor, voy a estar todos los d\u00edas a disposici\u00f3n de la comunidad. Vamos a seguir con la modalidad que ten\u00eda esta comisaria\u201d, destac\u00f3.<\/p>\n<p>  Sobre el reemplazante del jefe de calle se\u00f1al\u00f3: \u201cEl personal de calle sigue trabajando como estaba, solo resta designar al sucesor del teniente Passoni\u201d.<\/p>\n<p>  Por su parte, el Jefe Distrital, Comisario Inspector Fabi\u00e1n Gallo, dijo: \u201cLamento mucho la decisi\u00f3n que tom\u00f3 Catalano, se lo va a extra\u00f1ar\u201d.<\/p>\n<p>  \u201cYa elevamos el pedido al Ministerio para que confirmen a Galeano como titular de la Comisar\u00eda\u201d, confirm\u00f3.<br \/>\n  Sobre la posibilidad de que la fuerza pase a ser Comunal el funcionario destac\u00f3: \u201cFueron elevados los informes como cantidad de m\u00f3viles y personal. Y la comisar\u00eda pasar\u00e1 a ser la estaci\u00f3n de polic\u00eda comunal\u201d.<\/p>\n<p>  Mientras tanto, el Secretario de Seguridad, Eduardo Roleri destac\u00f3: \u201cEstamos muy agradecidos por toda la predisposici\u00f3n que siempre tuvo el Comisario Catalano. Creemos que Galeano est\u00e1 capacitado para seguir adelante con esta funci\u00f3n y por eso le brindamos toda nuestra confianza. <\/p>\n<p>Fuente: San Pedro Informa<\/p>\n","protected":false},"excerpt":{"rendered":"<p>En conferencia de prensa fue presentado el nuevo titular de la Comisar\u00eda San Pedro. Con la presencia de las principales autoridades de seguridad de la ciudad fue puesto en funciones oficialmente el Subcomisario Andr\u00e9s Galeano. El flamante funcionario, de 46 a\u00f1os y oriundo de San Nicol\u00e1s, se hizo cargo de la Comisar\u00eda San Pedro en [&hellip;]<\/p>\n","protected":false},"author":4,"featured_media":39795,"comment_status":"open","ping_status":"closed","sticky":false,"template":"","format":"standard","meta":{"om_disable_all_campaigns":false,"_jetpack_memberships_contains_paid_content":false,"footnotes":""},"categories":[2,103],"tags":[],"class_list":["post-39794","post","type-post","status-publish","format-standard","has-post-thumbnail","hentry","category-locales","category-policiales-locales"],"aioseo_notices":[],"gutentor_comment":0,"jetpack_featured_media_url":"https:\/\/eldiariodesanpedro.com.ar\/sitio\/wp-content\/uploads\/2018\/09\/Subcomisario-Galeano.jpeg","jetpack_shortlink":"https:\/\/wp.me\/p6RhLt-alQ","jetpack_sharing_enabled":true,"_links":{"self":[{"href":"https:\/\/eldiariodesanpedro.com.ar\/sitio\/wp-json\/wp\/v2\/posts\/39794","targetHints":{"allow":["GET"]}}],"collection":[{"href":"https:\/\/eldiariodesanpedro.com.ar\/sitio\/wp-json\/wp\/v2\/posts"}],"about":[{"href":"https:\/\/eldiariodesanpedro.com.ar\/sitio\/wp-json\/wp\/v2\/types\/post"}],"author":[{"embeddable":true,"href":"https:\/\/eldiariodesanpedro.com.ar\/sitio\/wp-json\/wp\/v2\/users\/4"}],"replies":[{"embeddable":true,"href":"https:\/\/eldiariodesanpedro.com.ar\/sitio\/wp-json\/wp\/v2\/comments?post=39794"}],"version-history":[{"count":1,"href":"https:\/\/eldiariodesanpedro.com.ar\/sitio\/wp-json\/wp\/v2\/posts\/39794\/revisions"}],"predecessor-version":[{"id":39797,"href":"https:\/\/eldiariodesanpedro.com.ar\/sitio\/wp-json\/wp\/v2\/posts\/39794\/revisions\/39797"}],"wp:featuredmedia":[{"embeddable":true,"href":"https:\/\/eldiariodesanpedro.com.ar\/sitio\/wp-json\/wp\/v2\/media\/39795"}],"wp:attachment":[{"href":"https:\/\/eldiariodesanpedro.com.ar\/sitio\/wp-json\/wp\/v2\/media?parent=39794"}],"wp:term":[{"taxonomy":"category","embeddable":true,"href":"https:\/\/eldiariodesanpedro.com.ar\/sitio\/wp-json\/wp\/v2\/categories?post=39794"},{"taxonomy":"post_tag","embeddable":true,"href":"https:\/\/eldiariodesanpedro.com.ar\/sitio\/wp-json\/wp\/v2\/tags?post=39794"}],"curies":[{"name":"wp","href":"https:\/\/api.w.org\/{rel}","templated":true}]}}