{"id":39790,"date":"2018-09-07T18:56:04","date_gmt":"2018-09-07T21:56:04","guid":{"rendered":"https:\/\/eldiariodesanpedro.com.ar\/sitio\/?p=39790"},"modified":"2018-09-07T18:56:04","modified_gmt":"2018-09-07T21:56:04","slug":"buque-cargara-maiz-y-soja-en-el-puerto-de-san-pedro-este-lunes","status":"publish","type":"post","link":"https:\/\/eldiariodesanpedro.com.ar\/sitio\/buque-cargara-maiz-y-soja-en-el-puerto-de-san-pedro-este-lunes\/","title":{"rendered":"Buque cargara ma\u00edz y soja en el Puerto de San Pedro este lunes"},"content":{"rendered":"<p><!-- VideographyWP Plugin Message: Automatic video embedding prevented by plugin options. --><br \/>\nDesde el Consorcio de Gesti\u00f3n del Puerto San Pedro se comunic\u00f3 el arribo en el d\u00eda de lunes pr\u00f3ximo, de un buque denominado \u201cPanvision\u201d de bandera Liberia.<br \/>\nEl barco de 169.37 metros de eslora, procede de Uruguay y operar\u00e1 en el muelle elevador, en donde cargar\u00e1 23.000 Toneladas de ma\u00edz, porotos de soja y harina de soja con destino a Estados Unidos.<\/p>\n","protected":false},"excerpt":{"rendered":"<p>Desde el Consorcio de Gesti\u00f3n del Puerto San Pedro se comunic\u00f3 el arribo en el d\u00eda de lunes pr\u00f3ximo, de un buque denominado \u201cPanvision\u201d de bandera Liberia. El barco de 169.37 metros de eslora, procede de Uruguay y operar\u00e1 en el muelle elevador, en donde cargar\u00e1 23.000 Toneladas de ma\u00edz, porotos de soja y harina [&hellip;]<\/p>\n","protected":false},"author":4,"featured_media":39791,"comment_status":"open","ping_status":"closed","sticky":false,"template":"","format":"standard","meta":{"om_disable_all_campaigns":false,"_jetpack_memberships_contains_paid_content":false,"footnotes":""},"categories":[101,2],"tags":[],"class_list":["post-39790","post","type-post","status-publish","format-standard","has-post-thumbnail","hentry","category-interes-general-locales","category-locales"],"aioseo_notices":[],"gutentor_comment":0,"jetpack_featured_media_url":"https:\/\/eldiariodesanpedro.com.ar\/sitio\/wp-content\/uploads\/2018\/09\/1-1.jpg","jetpack_shortlink":"https:\/\/wp.me\/p6RhLt-alM","jetpack_sharing_enabled":true,"_links":{"self":[{"href":"https:\/\/eldiariodesanpedro.com.ar\/sitio\/wp-json\/wp\/v2\/posts\/39790","targetHints":{"allow":["GET"]}}],"collection":[{"href":"https:\/\/eldiariodesanpedro.com.ar\/sitio\/wp-json\/wp\/v2\/posts"}],"about":[{"href":"https:\/\/eldiariodesanpedro.com.ar\/sitio\/wp-json\/wp\/v2\/types\/post"}],"author":[{"embeddable":true,"href":"https:\/\/eldiariodesanpedro.com.ar\/sitio\/wp-json\/wp\/v2\/users\/4"}],"replies":[{"embeddable":true,"href":"https:\/\/eldiariodesanpedro.com.ar\/sitio\/wp-json\/wp\/v2\/comments?post=39790"}],"version-history":[{"count":1,"href":"https:\/\/eldiariodesanpedro.com.ar\/sitio\/wp-json\/wp\/v2\/posts\/39790\/revisions"}],"predecessor-version":[{"id":39792,"href":"https:\/\/eldiariodesanpedro.com.ar\/sitio\/wp-json\/wp\/v2\/posts\/39790\/revisions\/39792"}],"wp:featuredmedia":[{"embeddable":true,"href":"https:\/\/eldiariodesanpedro.com.ar\/sitio\/wp-json\/wp\/v2\/media\/39791"}],"wp:attachment":[{"href":"https:\/\/eldiariodesanpedro.com.ar\/sitio\/wp-json\/wp\/v2\/media?parent=39790"}],"wp:term":[{"taxonomy":"category","embeddable":true,"href":"https:\/\/eldiariodesanpedro.com.ar\/sitio\/wp-json\/wp\/v2\/categories?post=39790"},{"taxonomy":"post_tag","embeddable":true,"href":"https:\/\/eldiariodesanpedro.com.ar\/sitio\/wp-json\/wp\/v2\/tags?post=39790"}],"curies":[{"name":"wp","href":"https:\/\/api.w.org\/{rel}","templated":true}]}}