{"id":39788,"date":"2018-09-07T10:28:48","date_gmt":"2018-09-07T13:28:48","guid":{"rendered":"https:\/\/eldiariodesanpedro.com.ar\/sitio\/?p=39788"},"modified":"2018-09-07T10:28:48","modified_gmt":"2018-09-07T13:28:48","slug":"una-persona-aprehendida-por-agredir-a-la-policia","status":"publish","type":"post","link":"https:\/\/eldiariodesanpedro.com.ar\/sitio\/una-persona-aprehendida-por-agredir-a-la-policia\/","title":{"rendered":"Una persona aprehendida por agredir a la policia"},"content":{"rendered":"<p><!-- VideographyWP Plugin Message: Automatic video embedding prevented by plugin options. --><br \/>\nUn ciudadano dejo mal estacionado su autom\u00f3vil frente la Dependencia Local y fue secuestrado por inspecci\u00f3n al no tener los papeles obligatorios.<\/p>\n<p>En las primeras horas de hoy, en la vereda de la Comisaria Local, se procedi\u00f3 a la aprehensi\u00f3n de un ciudadano mayor de edad quien, fuera de si, agredi\u00f3 verbalmente al efectivo, tras el secuestro de su veh\u00edculo, ocasionando disturbios e impidiendo el normal desarrollo de las tareas del personal  en servicio, seg\u00fan  la versi\u00f3n oficial del parte policial, no desistiendo de su accionar pese a los reiterados pedidos para que se tranquilice. <\/p>\n","protected":false},"excerpt":{"rendered":"<p>Un ciudadano dejo mal estacionado su autom\u00f3vil frente la Dependencia Local y fue secuestrado por inspecci\u00f3n al no tener los papeles obligatorios. En las primeras horas de hoy, en la vereda de la Comisaria Local, se procedi\u00f3 a la aprehensi\u00f3n de un ciudadano mayor de edad quien, fuera de si, agredi\u00f3 verbalmente al efectivo, tras [&hellip;]<\/p>\n","protected":false},"author":4,"featured_media":34429,"comment_status":"open","ping_status":"closed","sticky":false,"template":"","format":"standard","meta":{"om_disable_all_campaigns":false,"_jetpack_memberships_contains_paid_content":false,"footnotes":""},"categories":[2,103],"tags":[],"class_list":["post-39788","post","type-post","status-publish","format-standard","has-post-thumbnail","hentry","category-locales","category-policiales-locales"],"aioseo_notices":[],"gutentor_comment":0,"jetpack_featured_media_url":"https:\/\/eldiariodesanpedro.com.ar\/sitio\/wp-content\/uploads\/2018\/06\/comisaria_17.jpg","jetpack_shortlink":"https:\/\/wp.me\/p6RhLt-alK","jetpack_sharing_enabled":true,"_links":{"self":[{"href":"https:\/\/eldiariodesanpedro.com.ar\/sitio\/wp-json\/wp\/v2\/posts\/39788","targetHints":{"allow":["GET"]}}],"collection":[{"href":"https:\/\/eldiariodesanpedro.com.ar\/sitio\/wp-json\/wp\/v2\/posts"}],"about":[{"href":"https:\/\/eldiariodesanpedro.com.ar\/sitio\/wp-json\/wp\/v2\/types\/post"}],"author":[{"embeddable":true,"href":"https:\/\/eldiariodesanpedro.com.ar\/sitio\/wp-json\/wp\/v2\/users\/4"}],"replies":[{"embeddable":true,"href":"https:\/\/eldiariodesanpedro.com.ar\/sitio\/wp-json\/wp\/v2\/comments?post=39788"}],"version-history":[{"count":1,"href":"https:\/\/eldiariodesanpedro.com.ar\/sitio\/wp-json\/wp\/v2\/posts\/39788\/revisions"}],"predecessor-version":[{"id":39789,"href":"https:\/\/eldiariodesanpedro.com.ar\/sitio\/wp-json\/wp\/v2\/posts\/39788\/revisions\/39789"}],"wp:featuredmedia":[{"embeddable":true,"href":"https:\/\/eldiariodesanpedro.com.ar\/sitio\/wp-json\/wp\/v2\/media\/34429"}],"wp:attachment":[{"href":"https:\/\/eldiariodesanpedro.com.ar\/sitio\/wp-json\/wp\/v2\/media?parent=39788"}],"wp:term":[{"taxonomy":"category","embeddable":true,"href":"https:\/\/eldiariodesanpedro.com.ar\/sitio\/wp-json\/wp\/v2\/categories?post=39788"},{"taxonomy":"post_tag","embeddable":true,"href":"https:\/\/eldiariodesanpedro.com.ar\/sitio\/wp-json\/wp\/v2\/tags?post=39788"}],"curies":[{"name":"wp","href":"https:\/\/api.w.org\/{rel}","templated":true}]}}