{"id":39780,"date":"2018-09-07T09:48:31","date_gmt":"2018-09-07T12:48:31","guid":{"rendered":"https:\/\/eldiariodesanpedro.com.ar\/sitio\/?p=39780"},"modified":"2018-09-07T09:48:31","modified_gmt":"2018-09-07T12:48:31","slug":"intentaron-robar-un-automovil-pero-fueron-aprehendidos-por-la-policia","status":"publish","type":"post","link":"https:\/\/eldiariodesanpedro.com.ar\/sitio\/intentaron-robar-un-automovil-pero-fueron-aprehendidos-por-la-policia\/","title":{"rendered":"Intentaron robar un autom\u00f3vil pero fueron aprehendidos por la policia"},"content":{"rendered":"<p><!-- VideographyWP Plugin Message: Automatic video embedding prevented by plugin options. --><br \/>\nEsta madrugada, personal policial de la Jefatura Distrital y Comisaria, aprehendieron a un joven de 27 a\u00f1os quien intentaba sustraer un autom\u00f3vil junto a otro sujeto que se dio a la fuga. Se le secuestro en su poder un arma blanca.<\/p>\n<p>El hecho ocurri\u00f3 cuando delincuentes intentaron sustraer un autom\u00f3vil marca Ford Escort, que se encontraba estacionado sobre la v\u00eda publica en calle Bottaro al 600; tras r\u00e1pido proceder de los efectivos policiales y corta persecuci\u00f3n en calle Combate de Obligado al 650, logran la aprehensi\u00f3n de un joven de 27 a\u00f1os de edad, quien se encontraba con otro sujeto que no logran individualizar y se da a la fuga.<\/p>\n<p>En su poder al aprehendido se le secuestro un arma blanca quedando alojado en la sede judicial.<\/p>\n","protected":false},"excerpt":{"rendered":"<p>Esta madrugada, personal policial de la Jefatura Distrital y Comisaria, aprehendieron a un joven de 27 a\u00f1os quien intentaba sustraer un autom\u00f3vil junto a otro sujeto que se dio a la fuga. Se le secuestro en su poder un arma blanca. El hecho ocurri\u00f3 cuando delincuentes intentaron sustraer un autom\u00f3vil marca Ford Escort, que se [&hellip;]<\/p>\n","protected":false},"author":4,"featured_media":23313,"comment_status":"open","ping_status":"closed","sticky":false,"template":"","format":"standard","meta":{"om_disable_all_campaigns":false,"_jetpack_memberships_contains_paid_content":false,"footnotes":""},"categories":[2,103],"tags":[],"class_list":["post-39780","post","type-post","status-publish","format-standard","has-post-thumbnail","hentry","category-locales","category-policiales-locales"],"aioseo_notices":[],"gutentor_comment":0,"jetpack_featured_media_url":"https:\/\/eldiariodesanpedro.com.ar\/sitio\/wp-content\/uploads\/2017\/09\/patrulla-nocturna.jpg","jetpack_shortlink":"https:\/\/wp.me\/p6RhLt-alC","jetpack_sharing_enabled":true,"_links":{"self":[{"href":"https:\/\/eldiariodesanpedro.com.ar\/sitio\/wp-json\/wp\/v2\/posts\/39780","targetHints":{"allow":["GET"]}}],"collection":[{"href":"https:\/\/eldiariodesanpedro.com.ar\/sitio\/wp-json\/wp\/v2\/posts"}],"about":[{"href":"https:\/\/eldiariodesanpedro.com.ar\/sitio\/wp-json\/wp\/v2\/types\/post"}],"author":[{"embeddable":true,"href":"https:\/\/eldiariodesanpedro.com.ar\/sitio\/wp-json\/wp\/v2\/users\/4"}],"replies":[{"embeddable":true,"href":"https:\/\/eldiariodesanpedro.com.ar\/sitio\/wp-json\/wp\/v2\/comments?post=39780"}],"version-history":[{"count":1,"href":"https:\/\/eldiariodesanpedro.com.ar\/sitio\/wp-json\/wp\/v2\/posts\/39780\/revisions"}],"predecessor-version":[{"id":39781,"href":"https:\/\/eldiariodesanpedro.com.ar\/sitio\/wp-json\/wp\/v2\/posts\/39780\/revisions\/39781"}],"wp:featuredmedia":[{"embeddable":true,"href":"https:\/\/eldiariodesanpedro.com.ar\/sitio\/wp-json\/wp\/v2\/media\/23313"}],"wp:attachment":[{"href":"https:\/\/eldiariodesanpedro.com.ar\/sitio\/wp-json\/wp\/v2\/media?parent=39780"}],"wp:term":[{"taxonomy":"category","embeddable":true,"href":"https:\/\/eldiariodesanpedro.com.ar\/sitio\/wp-json\/wp\/v2\/categories?post=39780"},{"taxonomy":"post_tag","embeddable":true,"href":"https:\/\/eldiariodesanpedro.com.ar\/sitio\/wp-json\/wp\/v2\/tags?post=39780"}],"curies":[{"name":"wp","href":"https:\/\/api.w.org\/{rel}","templated":true}]}}