{"id":39763,"date":"2018-09-06T20:55:29","date_gmt":"2018-09-06T23:55:29","guid":{"rendered":"https:\/\/eldiariodesanpedro.com.ar\/sitio\/?p=39763"},"modified":"2026-01-24T00:11:02","modified_gmt":"2026-01-24T03:11:02","slug":"basquet-el-15-de-septiembre-arranca-el-torneo-clausura-de-la-abzc","status":"publish","type":"post","link":"https:\/\/eldiariodesanpedro.com.ar\/sitio\/basquet-el-15-de-septiembre-arranca-el-torneo-clausura-de-la-abzc\/","title":{"rendered":"B\u00c1SQUET: El 15 de septiembre arranca el Torneo Clausura de la ABZC"},"content":{"rendered":"<p><!-- VideographyWP Plugin Message: Automatic video embedding prevented by plugin options. --><br \/>\n  Est\u00e1 previsto el 15 de septiembre comenzar a disputar el Torneo Clausura de la Asociaci\u00f3n de B\u00e1squet Zarate-Campana (ABZC). 21 equipos en total (no estar\u00e1 Pte. Derqui) participar\u00e1n. N\u00e1utico lo hace en la Zona \u00abA\u00bb (cuatro zonas en total) junto a:<\/p>\n<p>Tempestad, Atl\u00e9tico Baradero, CADU ORO y Belgrano.<\/p>\n<p><strong>Formativas<\/strong><br \/>\n  La Zona A de las formativas jugar\u00e1 una ronda adicional, una vez finalizada dicha ronda los primeros cuatro equipos de cada una de las categor\u00edas disputar\u00e1n un Final Four en la cancha del mejor ubicado para definir al Campe\u00f3n. Del 5to al 7mo y del 8vo al 10mo disputar\u00e1n triangulares para definir su posici\u00f3n.<\/p>\n<p><strong>Primera fecha<\/strong><br \/>\nAtl\u00e9tico Baradero \u2013 Central Bs As<br \/>\nN\u00e1utico Z\u00e1rate \u2013 Ciudad de Campana<br \/>\nSportivo Pilar \u2013 Deportivo Arenal<br \/>\nPresidente Derqui \u2013 N\u00e1utico San Pedro<br \/>\nIndependiente (Z\u00e1rate) \u2013 Sportivo Escobar<br \/>\nPara los ascensos y descensos as\u00ed est\u00e1 la tabla general<\/p>\n<p><strong>Tabla general<\/strong><br \/>\n  N\u00e1utico Z\u00e1rate 130, N\u00e1utico San Pedro 114, Presidente Derqui 114, Ciudad de Campana 110, Central Bs As 108, Independiente (Z\u00e1rate) 107, Sportivo Pilar\t105, Deportivo Arenal 100, Sportivo Escobar 94 y Atl\u00e9tico Baradero 79.<\/p>\n","protected":false},"excerpt":{"rendered":"<p>Est\u00e1 previsto el 15 de septiembre comenzar a disputar el Torneo Clausura de la Asociaci\u00f3n de B\u00e1squet Zarate-Campana (ABZC). 21 equipos en total (no estar\u00e1 Pte. Derqui) participar\u00e1n. N\u00e1utico lo hace en la Zona \u00abA\u00bb (cuatro zonas en total) junto a: Tempestad, Atl\u00e9tico Baradero, CADU ORO y Belgrano. Formativas La Zona A de las formativas [&hellip;]<\/p>\n","protected":false},"author":4,"featured_media":35976,"comment_status":"open","ping_status":"closed","sticky":false,"template":"","format":"standard","meta":{"om_disable_all_campaigns":false,"_jetpack_memberships_contains_paid_content":false,"footnotes":""},"categories":[5],"tags":[],"class_list":["post-39763","post","type-post","status-publish","format-standard","has-post-thumbnail","hentry","category-deportes"],"aioseo_notices":[],"gutentor_comment":0,"jetpack_featured_media_url":"https:\/\/eldiariodesanpedro.com.ar\/sitio\/wp-content\/uploads\/2018\/07\/basquet-2.jpg","jetpack_shortlink":"https:\/\/wp.me\/p6RhLt-all","jetpack_sharing_enabled":true,"_links":{"self":[{"href":"https:\/\/eldiariodesanpedro.com.ar\/sitio\/wp-json\/wp\/v2\/posts\/39763","targetHints":{"allow":["GET"]}}],"collection":[{"href":"https:\/\/eldiariodesanpedro.com.ar\/sitio\/wp-json\/wp\/v2\/posts"}],"about":[{"href":"https:\/\/eldiariodesanpedro.com.ar\/sitio\/wp-json\/wp\/v2\/types\/post"}],"author":[{"embeddable":true,"href":"https:\/\/eldiariodesanpedro.com.ar\/sitio\/wp-json\/wp\/v2\/users\/4"}],"replies":[{"embeddable":true,"href":"https:\/\/eldiariodesanpedro.com.ar\/sitio\/wp-json\/wp\/v2\/comments?post=39763"}],"version-history":[{"count":1,"href":"https:\/\/eldiariodesanpedro.com.ar\/sitio\/wp-json\/wp\/v2\/posts\/39763\/revisions"}],"predecessor-version":[{"id":39765,"href":"https:\/\/eldiariodesanpedro.com.ar\/sitio\/wp-json\/wp\/v2\/posts\/39763\/revisions\/39765"}],"wp:featuredmedia":[{"embeddable":true,"href":"https:\/\/eldiariodesanpedro.com.ar\/sitio\/wp-json\/wp\/v2\/media\/35976"}],"wp:attachment":[{"href":"https:\/\/eldiariodesanpedro.com.ar\/sitio\/wp-json\/wp\/v2\/media?parent=39763"}],"wp:term":[{"taxonomy":"category","embeddable":true,"href":"https:\/\/eldiariodesanpedro.com.ar\/sitio\/wp-json\/wp\/v2\/categories?post=39763"},{"taxonomy":"post_tag","embeddable":true,"href":"https:\/\/eldiariodesanpedro.com.ar\/sitio\/wp-json\/wp\/v2\/tags?post=39763"}],"curies":[{"name":"wp","href":"https:\/\/api.w.org\/{rel}","templated":true}]}}