{"id":39757,"date":"2018-09-06T20:54:12","date_gmt":"2018-09-06T23:54:12","guid":{"rendered":"https:\/\/eldiariodesanpedro.com.ar\/sitio\/?p=39757"},"modified":"2026-01-24T00:11:02","modified_gmt":"2026-01-24T03:11:02","slug":"torneos-bonaerenses-torneos-bonaerenses-mas-clasificados-a-la-final-provincial","status":"publish","type":"post","link":"https:\/\/eldiariodesanpedro.com.ar\/sitio\/torneos-bonaerenses-torneos-bonaerenses-mas-clasificados-a-la-final-provincial\/","title":{"rendered":"TORNEOS BONAERENSES: Torneos Bonaerenses: M\u00e1s clasificados a la final provincial"},"content":{"rendered":"<p><!-- VideographyWP Plugin Message: Automatic video embedding prevented by plugin options. --><br \/>\nContin\u00faan los Regionales en distintas disciplinas de los Torneos Bonaerenses, en esta ocasi\u00f3n fue el turno de Pat\u00edn y V\u00f3ley, logrando el municipio de San Pedro aumentar la cantidad de clasificados a la final en Mar del Plata.<\/p>\n<p>  En Baradero fue el V\u00f3ley, categor\u00eda sub 15 masculino libre, tambi\u00e9n logr\u00f3 la clasificaci\u00f3n San Pedro, el equipo integrado por: M\u00e1ximo Rodr\u00edguez, Valentino Fauro, Amadeo Torres, Santiago Repetti, Joaqu\u00edn Chediack, Jos\u00e9 Becerro, Mateo Cejas, Nazareno Massaglia, Sim\u00f3n Paradela. Entrenador: Federico Bonvissuto.<\/p>\n<p>  Pat\u00edn Art\u00edstico: En la localidad de Ramallo se llev\u00f3 a cabo el Regional, clasificando a la final provincial Sof\u00eda Baca (1ra C- sub 16), Ana Gamietea (5ta C- sub 16) y Natacha Salazar (3ra C sub 16).<\/p>\n<p><img decoding=\"async\" data-attachment-id=\"39759\" data-permalink=\"https:\/\/eldiariodesanpedro.com.ar\/sitio\/torneos-bonaerenses-torneos-bonaerenses-mas-clasificados-a-la-final-provincial\/la-entrenadora-carina-ruiz-junto-a-las-clasificadas\/\" data-orig-file=\"https:\/\/eldiariodesanpedro.com.ar\/sitio\/wp-content\/uploads\/2018\/09\/La-entrenadora-Carina-Ruiz-junto-a-las-clasificadas.jpg\" data-orig-size=\"1040,780\" data-comments-opened=\"1\" data-image-meta=\"{&quot;aperture&quot;:&quot;0&quot;,&quot;credit&quot;:&quot;&quot;,&quot;camera&quot;:&quot;&quot;,&quot;caption&quot;:&quot;&quot;,&quot;created_timestamp&quot;:&quot;0&quot;,&quot;copyright&quot;:&quot;&quot;,&quot;focal_length&quot;:&quot;0&quot;,&quot;iso&quot;:&quot;0&quot;,&quot;shutter_speed&quot;:&quot;0&quot;,&quot;title&quot;:&quot;&quot;,&quot;orientation&quot;:&quot;0&quot;}\" data-image-title=\"La entrenadora Carina Ruiz junto a las clasificadas\" data-image-description=\"\" data-image-caption=\"\" data-large-file=\"https:\/\/eldiariodesanpedro.com.ar\/sitio\/wp-content\/uploads\/2018\/09\/La-entrenadora-Carina-Ruiz-junto-a-las-clasificadas-1024x768.jpg\" data-src=\"https:\/\/eldiariodesanpedro.com.ar\/sitio\/wp-content\/uploads\/2018\/09\/La-entrenadora-Carina-Ruiz-junto-a-las-clasificadas-1024x768.jpg\" alt=\"\" width=\"660\" height=\"495\" class=\"alignnone size-large wp-image-39759 lazyload\" data-srcset=\"https:\/\/eldiariodesanpedro.com.ar\/sitio\/wp-content\/uploads\/2018\/09\/La-entrenadora-Carina-Ruiz-junto-a-las-clasificadas-1024x768.jpg 1024w, https:\/\/eldiariodesanpedro.com.ar\/sitio\/wp-content\/uploads\/2018\/09\/La-entrenadora-Carina-Ruiz-junto-a-las-clasificadas-300x225.jpg 300w, https:\/\/eldiariodesanpedro.com.ar\/sitio\/wp-content\/uploads\/2018\/09\/La-entrenadora-Carina-Ruiz-junto-a-las-clasificadas-768x576.jpg 768w, https:\/\/eldiariodesanpedro.com.ar\/sitio\/wp-content\/uploads\/2018\/09\/La-entrenadora-Carina-Ruiz-junto-a-las-clasificadas.jpg 1040w\" data-sizes=\"(max-width: 660px) 100vw, 660px\" src=\"data:image\/svg+xml;base64,PHN2ZyB3aWR0aD0iMSIgaGVpZ2h0PSIxIiB4bWxucz0iaHR0cDovL3d3dy53My5vcmcvMjAwMC9zdmciPjwvc3ZnPg==\" style=\"--smush-placeholder-width: 660px; --smush-placeholder-aspect-ratio: 660\/495;\" \/><br \/>\n<em>La entrenadora Carina Ruiz junto a las clasificadas. Todas son representantes de Paran\u00e1.<\/em><\/p>\n","protected":false},"excerpt":{"rendered":"<p>Contin\u00faan los Regionales en distintas disciplinas de los Torneos Bonaerenses, en esta ocasi\u00f3n fue el turno de Pat\u00edn y V\u00f3ley, logrando el municipio de San Pedro aumentar la cantidad de clasificados a la final en Mar del Plata. En Baradero fue el V\u00f3ley, categor\u00eda sub 15 masculino libre, tambi\u00e9n logr\u00f3 la clasificaci\u00f3n San Pedro, el [&hellip;]<\/p>\n","protected":false},"author":4,"featured_media":39762,"comment_status":"open","ping_status":"closed","sticky":false,"template":"","format":"standard","meta":{"om_disable_all_campaigns":false,"_jetpack_memberships_contains_paid_content":false,"footnotes":""},"categories":[5],"tags":[],"class_list":["post-39757","post","type-post","status-publish","format-standard","has-post-thumbnail","hentry","category-deportes"],"aioseo_notices":[],"gutentor_comment":0,"jetpack_featured_media_url":"https:\/\/eldiariodesanpedro.com.ar\/sitio\/wp-content\/uploads\/2018\/09\/V\u00f3ley-de-N\u00e1utico-en-la-final-provincial.jpg","jetpack_shortlink":"https:\/\/wp.me\/p6RhLt-alf","jetpack_sharing_enabled":true,"_links":{"self":[{"href":"https:\/\/eldiariodesanpedro.com.ar\/sitio\/wp-json\/wp\/v2\/posts\/39757","targetHints":{"allow":["GET"]}}],"collection":[{"href":"https:\/\/eldiariodesanpedro.com.ar\/sitio\/wp-json\/wp\/v2\/posts"}],"about":[{"href":"https:\/\/eldiariodesanpedro.com.ar\/sitio\/wp-json\/wp\/v2\/types\/post"}],"author":[{"embeddable":true,"href":"https:\/\/eldiariodesanpedro.com.ar\/sitio\/wp-json\/wp\/v2\/users\/4"}],"replies":[{"embeddable":true,"href":"https:\/\/eldiariodesanpedro.com.ar\/sitio\/wp-json\/wp\/v2\/comments?post=39757"}],"version-history":[{"count":1,"href":"https:\/\/eldiariodesanpedro.com.ar\/sitio\/wp-json\/wp\/v2\/posts\/39757\/revisions"}],"predecessor-version":[{"id":39764,"href":"https:\/\/eldiariodesanpedro.com.ar\/sitio\/wp-json\/wp\/v2\/posts\/39757\/revisions\/39764"}],"wp:featuredmedia":[{"embeddable":true,"href":"https:\/\/eldiariodesanpedro.com.ar\/sitio\/wp-json\/wp\/v2\/media\/39762"}],"wp:attachment":[{"href":"https:\/\/eldiariodesanpedro.com.ar\/sitio\/wp-json\/wp\/v2\/media?parent=39757"}],"wp:term":[{"taxonomy":"category","embeddable":true,"href":"https:\/\/eldiariodesanpedro.com.ar\/sitio\/wp-json\/wp\/v2\/categories?post=39757"},{"taxonomy":"post_tag","embeddable":true,"href":"https:\/\/eldiariodesanpedro.com.ar\/sitio\/wp-json\/wp\/v2\/tags?post=39757"}],"curies":[{"name":"wp","href":"https:\/\/api.w.org\/{rel}","templated":true}]}}