{"id":39756,"date":"2018-09-06T20:52:05","date_gmt":"2018-09-06T23:52:05","guid":{"rendered":"https:\/\/eldiariodesanpedro.com.ar\/sitio\/?p=39756"},"modified":"2026-01-24T00:11:03","modified_gmt":"2026-01-24T03:11:03","slug":"nacional-sub-15-gran-victoria-de-san-pedro-ante-pergamino","status":"publish","type":"post","link":"https:\/\/eldiariodesanpedro.com.ar\/sitio\/nacional-sub-15-gran-victoria-de-san-pedro-ante-pergamino\/","title":{"rendered":"NACIONAL SUB 15: Gran victoria de San Pedro ante Pergamino"},"content":{"rendered":"<p><!-- VideographyWP Plugin Message: Automatic video embedding prevented by plugin options. --><br \/>\n  San Pedro le gan\u00f3 a 3 a 0 Pergamino jugando el mejor partido del torneo por la cuarta fecha, primera de las revanchas, con goles de Vaquero, Palavecino y Piquioni en el cotejo de Sub 15, Torneo Nacional que coordina Federaci\u00f3n Norte de F\u00fatbol bajo la supervisi\u00f3n del Consejo Federal de AFA.<\/p>\n<p>  En el primer tiempo San Pedro fue el due\u00f1o de las acciones, lleg\u00f3 y encontr\u00f3 nuevamente (en el partido de ida fue figura) al golero visitante, de gran actuaci\u00f3n, Pergamino con mucho menos tuvo dos llegadas riesgosas, una rechaz\u00f3 el 1 y en la otra por arriba del travesa\u00f1o.<\/p>\n<p>  Para el complemento el gol lleg\u00f3 r\u00e1pido, a los 8m a trav\u00e9s de Joaqu\u00edn Vaquero, San Pedro pudo estar arriba del marcador. Desde all\u00ed la visita sali\u00f3 m\u00e1s, pero no encontr\u00f3 claridad, dejando espacios que el local supo aprovechar y no llam\u00f3 la atenci\u00f3n que pudiera marcar el segundo, fue con el tanto de Manuel Palavecino par estirar la diferencia y volver a pensar que se puede. Cerrando el partido y en tiempo adicionado fue Tom\u00e1s Piquioni el autor del tercer tanto y la alegr\u00eda de los chicos por seguir en carrera sin depender de nadie. <\/p>\n<p><strong>S\u00edntesis<\/strong><br \/>\nSan Pedro: Augusto Azimonti, Ignacio Tod\u00f3n, Genaro Vulcano, Mat\u00edas Abraham, Genaro Novaro, Benjam\u00edn Z\u00e1rate, Esteban Astorga (Juli\u00e1n Barrios), Valent\u00edn Saucedo (Jer\u00f3nimo Parra), Manuel Palavecino (Tom\u00e1s Piquioni), Joaqu\u00edn Vaquero y Juan Zapata (M\u00e1ximo Giolito). DT: Gerardo Biain. Relevos: Andr\u00e9s Biain,  Benjam\u00edn Corbal\u00e1n,  Jord\u00e1n Molina.<\/p>\n<p>Pergamino: Joaqu\u00edn Correa, Renzo Cagnoni, Pablo Gonz\u00e1lez (Agust\u00edn Chaparro), Santiago Gelmini, Santiago P\u00e9rez (Milton Boldrini), Felipe Rodr\u00edguez, Valent\u00edn Smith (Walter G\u00f3mez), Franco Farroni (Juan P\u00e9rez), Emilio Blanco, Emiliano Bulgarelli (Agust\u00edn Tantoni) y Bruno Giroy. DT: Adri\u00e1n Samana. Relevos: Mat\u00edas Cuartango, Milton Boldrini, Franco Padea.<\/p>\n<p>Goles: 48m Joaqu\u00edn Vaquero (SP), 75m Manuel Palavecino (SP), 80m Tom\u00e1s Piquioni (SP) de tiro penal.<br \/>\n\u00c1rbitro: Cesar Castro<br \/>\nAsistentes: Fabricio Estevano y Emilio Vel\u00e1zquez (Liga Nicole\u00f1a de f\u00fatbol)<br \/>\nCancha: Estadio Municipal de San Pedro<\/p>\n<p><strong>Resultados, cuarta fecha:<\/strong><br \/>\n<em>Zona A<\/em><br \/>\nRojas 0 \u2013 Chivilcoy 0; Chacabuco 1 \u2013 Salto 1<br \/>\nPosiciones: Chivilcoy 8, Chacabuco 6, Rojas 4, Salto 2.<\/p>\n<p><em>Zona B<\/em><br \/>\nCol\u00f3n 1 \u2013 Jun\u00edn 1; Vedia 1 \u2013 Gral Arenales 1<br \/>\nPosiciones: General Arenales 8, Jun\u00edn 7, Col\u00f3n 5, Vedia 1.<\/p>\n<p><em>Zona C<\/em><br \/>\nSan Pedro 3 \u2013 Pergamino 0; San Antonio de Areco 3 \u2013 Arrecifes 1<br \/>\nPosiciones: San Antonio de Areco 9, San Pedro 5, Pergamino 5, Arrecifes 2.<\/p>\n<p><em>Zona D<\/em><br \/>\nBaradero 0-Z\u00e1rate 1; Libre: San Nicol\u00e1s<br \/>\nPosiciones: San Nicol\u00e1s 4, Baradero 4, Z\u00e1rate 3.<\/p>\n<p><strong>Pr\u00f3xima fecha (15\/09)<\/strong><br \/>\nChivilcoy vs. Chacabuco<br \/>\nSalto vs. Rojas<br \/>\nArenales vs. Col\u00f3n<br \/>\nJun\u00edn vs. Vedia<br \/>\nArrecifes vs. San Pedro<br \/>\nPergamino vs. SADA<br \/>\nSan Nicol\u00e1s vs. Baradero<\/p>\n<p><img decoding=\"async\" data-attachment-id=\"39760\" data-permalink=\"https:\/\/eldiariodesanpedro.com.ar\/sitio\/nacional-sub-15-gran-victoria-de-san-pedro-ante-pergamino\/manuel-palavecino-figura-del-equipo-de-gerardo-biain\/\" data-orig-file=\"https:\/\/eldiariodesanpedro.com.ar\/sitio\/wp-content\/uploads\/2018\/09\/Manuel-Palavecino-figura-del-equipo-de-Gerardo-Biain.jpg\" data-orig-size=\"1011,848\" data-comments-opened=\"1\" data-image-meta=\"{&quot;aperture&quot;:&quot;0&quot;,&quot;credit&quot;:&quot;&quot;,&quot;camera&quot;:&quot;&quot;,&quot;caption&quot;:&quot;&quot;,&quot;created_timestamp&quot;:&quot;0&quot;,&quot;copyright&quot;:&quot;&quot;,&quot;focal_length&quot;:&quot;0&quot;,&quot;iso&quot;:&quot;0&quot;,&quot;shutter_speed&quot;:&quot;0&quot;,&quot;title&quot;:&quot;&quot;,&quot;orientation&quot;:&quot;0&quot;}\" data-image-title=\"Manuel Palavecino, figura del equipo de Gerardo Biain\" data-image-description=\"\" data-image-caption=\"\" data-large-file=\"https:\/\/eldiariodesanpedro.com.ar\/sitio\/wp-content\/uploads\/2018\/09\/Manuel-Palavecino-figura-del-equipo-de-Gerardo-Biain.jpg\" data-src=\"https:\/\/eldiariodesanpedro.com.ar\/sitio\/wp-content\/uploads\/2018\/09\/Manuel-Palavecino-figura-del-equipo-de-Gerardo-Biain.jpg\" alt=\"\" width=\"1011\" height=\"848\" class=\"alignnone size-full wp-image-39760 lazyload\" data-srcset=\"https:\/\/eldiariodesanpedro.com.ar\/sitio\/wp-content\/uploads\/2018\/09\/Manuel-Palavecino-figura-del-equipo-de-Gerardo-Biain.jpg 1011w, https:\/\/eldiariodesanpedro.com.ar\/sitio\/wp-content\/uploads\/2018\/09\/Manuel-Palavecino-figura-del-equipo-de-Gerardo-Biain-300x252.jpg 300w, https:\/\/eldiariodesanpedro.com.ar\/sitio\/wp-content\/uploads\/2018\/09\/Manuel-Palavecino-figura-del-equipo-de-Gerardo-Biain-768x644.jpg 768w\" data-sizes=\"(max-width: 1011px) 100vw, 1011px\" src=\"data:image\/svg+xml;base64,PHN2ZyB3aWR0aD0iMSIgaGVpZ2h0PSIxIiB4bWxucz0iaHR0cDovL3d3dy53My5vcmcvMjAwMC9zdmciPjwvc3ZnPg==\" style=\"--smush-placeholder-width: 1011px; --smush-placeholder-aspect-ratio: 1011\/848;\" \/><br \/>\n<em>Manuel Palavecino, figura del equipo de Gerardo Biain<\/em><\/p>\n","protected":false},"excerpt":{"rendered":"<p>San Pedro le gan\u00f3 a 3 a 0 Pergamino jugando el mejor partido del torneo por la cuarta fecha, primera de las revanchas, con goles de Vaquero, Palavecino y Piquioni en el cotejo de Sub 15, Torneo Nacional que coordina Federaci\u00f3n Norte de F\u00fatbol bajo la supervisi\u00f3n del Consejo Federal de AFA. En el primer [&hellip;]<\/p>\n","protected":false},"author":4,"featured_media":39758,"comment_status":"open","ping_status":"closed","sticky":false,"template":"","format":"standard","meta":{"om_disable_all_campaigns":false,"_jetpack_memberships_contains_paid_content":false,"footnotes":""},"categories":[5],"tags":[],"class_list":["post-39756","post","type-post","status-publish","format-standard","has-post-thumbnail","hentry","category-deportes"],"aioseo_notices":[],"gutentor_comment":0,"jetpack_featured_media_url":"https:\/\/eldiariodesanpedro.com.ar\/sitio\/wp-content\/uploads\/2018\/09\/Formaci\u00f3n-inicial-de-San-Pedro.jpg","jetpack_shortlink":"https:\/\/wp.me\/p6RhLt-ale","jetpack_sharing_enabled":true,"_links":{"self":[{"href":"https:\/\/eldiariodesanpedro.com.ar\/sitio\/wp-json\/wp\/v2\/posts\/39756","targetHints":{"allow":["GET"]}}],"collection":[{"href":"https:\/\/eldiariodesanpedro.com.ar\/sitio\/wp-json\/wp\/v2\/posts"}],"about":[{"href":"https:\/\/eldiariodesanpedro.com.ar\/sitio\/wp-json\/wp\/v2\/types\/post"}],"author":[{"embeddable":true,"href":"https:\/\/eldiariodesanpedro.com.ar\/sitio\/wp-json\/wp\/v2\/users\/4"}],"replies":[{"embeddable":true,"href":"https:\/\/eldiariodesanpedro.com.ar\/sitio\/wp-json\/wp\/v2\/comments?post=39756"}],"version-history":[{"count":1,"href":"https:\/\/eldiariodesanpedro.com.ar\/sitio\/wp-json\/wp\/v2\/posts\/39756\/revisions"}],"predecessor-version":[{"id":39761,"href":"https:\/\/eldiariodesanpedro.com.ar\/sitio\/wp-json\/wp\/v2\/posts\/39756\/revisions\/39761"}],"wp:featuredmedia":[{"embeddable":true,"href":"https:\/\/eldiariodesanpedro.com.ar\/sitio\/wp-json\/wp\/v2\/media\/39758"}],"wp:attachment":[{"href":"https:\/\/eldiariodesanpedro.com.ar\/sitio\/wp-json\/wp\/v2\/media?parent=39756"}],"wp:term":[{"taxonomy":"category","embeddable":true,"href":"https:\/\/eldiariodesanpedro.com.ar\/sitio\/wp-json\/wp\/v2\/categories?post=39756"},{"taxonomy":"post_tag","embeddable":true,"href":"https:\/\/eldiariodesanpedro.com.ar\/sitio\/wp-json\/wp\/v2\/tags?post=39756"}],"curies":[{"name":"wp","href":"https:\/\/api.w.org\/{rel}","templated":true}]}}