{"id":39752,"date":"2018-09-06T19:42:46","date_gmt":"2018-09-06T22:42:46","guid":{"rendered":"https:\/\/eldiariodesanpedro.com.ar\/sitio\/?p=39752"},"modified":"2018-09-06T19:42:46","modified_gmt":"2018-09-06T22:42:46","slug":"tras-rapido-accionar-de-la-policia-se-recupero-una-moto-robada","status":"publish","type":"post","link":"https:\/\/eldiariodesanpedro.com.ar\/sitio\/tras-rapido-accionar-de-la-policia-se-recupero-una-moto-robada\/","title":{"rendered":"Tras r\u00e1pido accionar de la polic\u00eda, se recupero una moto robada"},"content":{"rendered":"<p><!-- VideographyWP Plugin Message: Automatic video embedding prevented by plugin options. --><br \/>\nEste mi\u00e9rcoles, en horas de la tarde noche, personal policial procedi\u00f3 al secuestro de una motocicleta que hab\u00eda sido robada momentos antes a una ciudadana de 47 a\u00f1os de edad.<\/p>\n<p>El hecho ocurri\u00f3 cuando delincuentes sustraen una motocicleta 110 cc en las afueras de un domicilio ubicado en J.V Gonzalez al 1800, propiedad de una mujer de 47 a\u00f1os, y al ver el r\u00e1pido accionar de los efectivos policiales se dan a la fuga dejando luego abandonado el rodado en un descampado sobre calle Salta y Novillo.<\/p>\n<p>El rodado le fue restituido a su propietaria.<\/p>\n","protected":false},"excerpt":{"rendered":"<p>Este mi\u00e9rcoles, en horas de la tarde noche, personal policial procedi\u00f3 al secuestro de una motocicleta que hab\u00eda sido robada momentos antes a una ciudadana de 47 a\u00f1os de edad. El hecho ocurri\u00f3 cuando delincuentes sustraen una motocicleta 110 cc en las afueras de un domicilio ubicado en J.V Gonzalez al 1800, propiedad de una [&hellip;]<\/p>\n","protected":false},"author":4,"featured_media":24590,"comment_status":"open","ping_status":"closed","sticky":false,"template":"","format":"standard","meta":{"om_disable_all_campaigns":false,"_jetpack_memberships_contains_paid_content":false,"footnotes":""},"categories":[2,103],"tags":[],"class_list":["post-39752","post","type-post","status-publish","format-standard","has-post-thumbnail","hentry","category-locales","category-policiales-locales"],"aioseo_notices":[],"gutentor_comment":0,"jetpack_featured_media_url":"https:\/\/eldiariodesanpedro.com.ar\/sitio\/wp-content\/uploads\/2017\/10\/camioneta-policia-noche.jpg","jetpack_shortlink":"https:\/\/wp.me\/p6RhLt-ala","jetpack_sharing_enabled":true,"_links":{"self":[{"href":"https:\/\/eldiariodesanpedro.com.ar\/sitio\/wp-json\/wp\/v2\/posts\/39752","targetHints":{"allow":["GET"]}}],"collection":[{"href":"https:\/\/eldiariodesanpedro.com.ar\/sitio\/wp-json\/wp\/v2\/posts"}],"about":[{"href":"https:\/\/eldiariodesanpedro.com.ar\/sitio\/wp-json\/wp\/v2\/types\/post"}],"author":[{"embeddable":true,"href":"https:\/\/eldiariodesanpedro.com.ar\/sitio\/wp-json\/wp\/v2\/users\/4"}],"replies":[{"embeddable":true,"href":"https:\/\/eldiariodesanpedro.com.ar\/sitio\/wp-json\/wp\/v2\/comments?post=39752"}],"version-history":[{"count":1,"href":"https:\/\/eldiariodesanpedro.com.ar\/sitio\/wp-json\/wp\/v2\/posts\/39752\/revisions"}],"predecessor-version":[{"id":39753,"href":"https:\/\/eldiariodesanpedro.com.ar\/sitio\/wp-json\/wp\/v2\/posts\/39752\/revisions\/39753"}],"wp:featuredmedia":[{"embeddable":true,"href":"https:\/\/eldiariodesanpedro.com.ar\/sitio\/wp-json\/wp\/v2\/media\/24590"}],"wp:attachment":[{"href":"https:\/\/eldiariodesanpedro.com.ar\/sitio\/wp-json\/wp\/v2\/media?parent=39752"}],"wp:term":[{"taxonomy":"category","embeddable":true,"href":"https:\/\/eldiariodesanpedro.com.ar\/sitio\/wp-json\/wp\/v2\/categories?post=39752"},{"taxonomy":"post_tag","embeddable":true,"href":"https:\/\/eldiariodesanpedro.com.ar\/sitio\/wp-json\/wp\/v2\/tags?post=39752"}],"curies":[{"name":"wp","href":"https:\/\/api.w.org\/{rel}","templated":true}]}}