{"id":39744,"date":"2018-09-06T18:54:50","date_gmt":"2018-09-06T21:54:50","guid":{"rendered":"https:\/\/eldiariodesanpedro.com.ar\/sitio\/?p=39744"},"modified":"2018-09-06T18:54:50","modified_gmt":"2018-09-06T21:54:50","slug":"la-fundacion-arcor-entrega-kits-de-juegos-a-jardines-de-san-pedro","status":"publish","type":"post","link":"https:\/\/eldiariodesanpedro.com.ar\/sitio\/la-fundacion-arcor-entrega-kits-de-juegos-a-jardines-de-san-pedro\/","title":{"rendered":"La Fundaci\u00f3n Arcor entrega kits de juegos a jardines de San Pedro"},"content":{"rendered":"<p><!-- VideographyWP Plugin Message: Automatic video embedding prevented by plugin options. --><br \/>\nLa Fundaci\u00f3n de la empresa Arcor que cuenta con una importante planta en San Pedro para la producci\u00f3n de alimentos est\u00e1 realizando entrega de kits de juegos a los jardines municipales de la ciudad y sus localidades.<\/p>\n<p>Este jueves lo hicieron en el Jard\u00edn Frutillas, en el Jard\u00edn Pulgarcito de Pueblo Doyle y en la Buena Moza. Ma\u00f1ana entregar\u00e1n en el Jard\u00edn Calcuta a las 9.30 de la ma\u00f1ana y a las 10.30 en el Santo Quir\u00f3s. <\/p>\n<p>Cada kit de juego equivale a una inversi\u00f3n de 20.000 pesos. Esta iniciativa de la empresa Arcor representa una acci\u00f3n de gran impacto para el desarrollo continuo y mejoras tanto edilicias como pedag\u00f3gicas en el nivel inicial de la educaci\u00f3n la cual comprende las primeras bases de educaci\u00f3n para el ni\u00f1o. La Municipalidad de San Pedro, la Comunidad Educativa y el Gabinete encabezado por el Intendente Cecilio Salazar  agradecen enormemente esto gesto que estimula el desarrollo l\u00fadico de nuestros ni\u00f1os.<\/p>\n","protected":false},"excerpt":{"rendered":"<p>La Fundaci\u00f3n de la empresa Arcor que cuenta con una importante planta en San Pedro para la producci\u00f3n de alimentos est\u00e1 realizando entrega de kits de juegos a los jardines municipales de la ciudad y sus localidades. Este jueves lo hicieron en el Jard\u00edn Frutillas, en el Jard\u00edn Pulgarcito de Pueblo Doyle y en la [&hellip;]<\/p>\n","protected":false},"author":4,"featured_media":39747,"comment_status":"open","ping_status":"closed","sticky":false,"template":"","format":"standard","meta":{"om_disable_all_campaigns":false,"_jetpack_memberships_contains_paid_content":false,"footnotes":""},"categories":[101,2],"tags":[],"class_list":["post-39744","post","type-post","status-publish","format-standard","has-post-thumbnail","hentry","category-interes-general-locales","category-locales"],"aioseo_notices":[],"gutentor_comment":0,"jetpack_featured_media_url":"https:\/\/eldiariodesanpedro.com.ar\/sitio\/wp-content\/uploads\/2018\/09\/31703734_975009715990377_322190055495958528_o.jpg","jetpack_shortlink":"https:\/\/wp.me\/p6RhLt-al2","jetpack_sharing_enabled":true,"_links":{"self":[{"href":"https:\/\/eldiariodesanpedro.com.ar\/sitio\/wp-json\/wp\/v2\/posts\/39744","targetHints":{"allow":["GET"]}}],"collection":[{"href":"https:\/\/eldiariodesanpedro.com.ar\/sitio\/wp-json\/wp\/v2\/posts"}],"about":[{"href":"https:\/\/eldiariodesanpedro.com.ar\/sitio\/wp-json\/wp\/v2\/types\/post"}],"author":[{"embeddable":true,"href":"https:\/\/eldiariodesanpedro.com.ar\/sitio\/wp-json\/wp\/v2\/users\/4"}],"replies":[{"embeddable":true,"href":"https:\/\/eldiariodesanpedro.com.ar\/sitio\/wp-json\/wp\/v2\/comments?post=39744"}],"version-history":[{"count":1,"href":"https:\/\/eldiariodesanpedro.com.ar\/sitio\/wp-json\/wp\/v2\/posts\/39744\/revisions"}],"predecessor-version":[{"id":39748,"href":"https:\/\/eldiariodesanpedro.com.ar\/sitio\/wp-json\/wp\/v2\/posts\/39744\/revisions\/39748"}],"wp:featuredmedia":[{"embeddable":true,"href":"https:\/\/eldiariodesanpedro.com.ar\/sitio\/wp-json\/wp\/v2\/media\/39747"}],"wp:attachment":[{"href":"https:\/\/eldiariodesanpedro.com.ar\/sitio\/wp-json\/wp\/v2\/media?parent=39744"}],"wp:term":[{"taxonomy":"category","embeddable":true,"href":"https:\/\/eldiariodesanpedro.com.ar\/sitio\/wp-json\/wp\/v2\/categories?post=39744"},{"taxonomy":"post_tag","embeddable":true,"href":"https:\/\/eldiariodesanpedro.com.ar\/sitio\/wp-json\/wp\/v2\/tags?post=39744"}],"curies":[{"name":"wp","href":"https:\/\/api.w.org\/{rel}","templated":true}]}}