{"id":39732,"date":"2018-09-06T18:35:46","date_gmt":"2018-09-06T21:35:46","guid":{"rendered":"https:\/\/eldiariodesanpedro.com.ar\/sitio\/?p=39732"},"modified":"2018-09-06T18:35:46","modified_gmt":"2018-09-06T21:35:46","slug":"corte-programado-para-manana-en-villa-jardin-y-aledanos","status":"publish","type":"post","link":"https:\/\/eldiariodesanpedro.com.ar\/sitio\/corte-programado-para-manana-en-villa-jardin-y-aledanos\/","title":{"rendered":"Corte programado para ma\u00f1ana en Villa Jard\u00edn y aleda\u00f1os"},"content":{"rendered":"<p><!-- VideographyWP Plugin Message: Automatic video embedding prevented by plugin options. --><br \/>\nCOOPSER informa que ma\u00f1ana viernes 7 de Septiembre, se cumplir\u00e1 con un corte de energ\u00eda el\u00e9ctrica para tareas de mantenimiento en la zona comprendida por Camino al Aeroclub (Villa Jard\u00edn) del 0 al 3000, Barrio El Escorial, Callej\u00f3n Soto &#8211; Pascual en su totalidad y Barrio Loteo Scazzariello. <\/p>\n<p>La interrupci\u00f3n ser\u00e1 entre las 7.45 y las 11.45 aproximadamente.  En caso de mal tiempo ser\u00e1 reprogramado.<\/p>\n","protected":false},"excerpt":{"rendered":"<p>COOPSER informa que ma\u00f1ana viernes 7 de Septiembre, se cumplir\u00e1 con un corte de energ\u00eda el\u00e9ctrica para tareas de mantenimiento en la zona comprendida por Camino al Aeroclub (Villa Jard\u00edn) del 0 al 3000, Barrio El Escorial, Callej\u00f3n Soto &#8211; Pascual en su totalidad y Barrio Loteo Scazzariello. La interrupci\u00f3n ser\u00e1 entre las 7.45 y [&hellip;]<\/p>\n","protected":false},"author":4,"featured_media":39021,"comment_status":"open","ping_status":"closed","sticky":false,"template":"","format":"standard","meta":{"om_disable_all_campaigns":false,"_jetpack_memberships_contains_paid_content":false,"footnotes":""},"categories":[101,2],"tags":[],"class_list":["post-39732","post","type-post","status-publish","format-standard","has-post-thumbnail","hentry","category-interes-general-locales","category-locales"],"aioseo_notices":[],"gutentor_comment":0,"jetpack_featured_media_url":"https:\/\/eldiariodesanpedro.com.ar\/sitio\/wp-content\/uploads\/2018\/08\/coopser_-_corte_de_luz_7.jpg","jetpack_shortlink":"https:\/\/wp.me\/p6RhLt-akQ","jetpack_sharing_enabled":true,"_links":{"self":[{"href":"https:\/\/eldiariodesanpedro.com.ar\/sitio\/wp-json\/wp\/v2\/posts\/39732","targetHints":{"allow":["GET"]}}],"collection":[{"href":"https:\/\/eldiariodesanpedro.com.ar\/sitio\/wp-json\/wp\/v2\/posts"}],"about":[{"href":"https:\/\/eldiariodesanpedro.com.ar\/sitio\/wp-json\/wp\/v2\/types\/post"}],"author":[{"embeddable":true,"href":"https:\/\/eldiariodesanpedro.com.ar\/sitio\/wp-json\/wp\/v2\/users\/4"}],"replies":[{"embeddable":true,"href":"https:\/\/eldiariodesanpedro.com.ar\/sitio\/wp-json\/wp\/v2\/comments?post=39732"}],"version-history":[{"count":1,"href":"https:\/\/eldiariodesanpedro.com.ar\/sitio\/wp-json\/wp\/v2\/posts\/39732\/revisions"}],"predecessor-version":[{"id":39733,"href":"https:\/\/eldiariodesanpedro.com.ar\/sitio\/wp-json\/wp\/v2\/posts\/39732\/revisions\/39733"}],"wp:featuredmedia":[{"embeddable":true,"href":"https:\/\/eldiariodesanpedro.com.ar\/sitio\/wp-json\/wp\/v2\/media\/39021"}],"wp:attachment":[{"href":"https:\/\/eldiariodesanpedro.com.ar\/sitio\/wp-json\/wp\/v2\/media?parent=39732"}],"wp:term":[{"taxonomy":"category","embeddable":true,"href":"https:\/\/eldiariodesanpedro.com.ar\/sitio\/wp-json\/wp\/v2\/categories?post=39732"},{"taxonomy":"post_tag","embeddable":true,"href":"https:\/\/eldiariodesanpedro.com.ar\/sitio\/wp-json\/wp\/v2\/tags?post=39732"}],"curies":[{"name":"wp","href":"https:\/\/api.w.org\/{rel}","templated":true}]}}