{"id":39729,"date":"2018-09-06T18:33:28","date_gmt":"2018-09-06T21:33:28","guid":{"rendered":"https:\/\/eldiariodesanpedro.com.ar\/sitio\/?p=39729"},"modified":"2018-09-06T18:33:28","modified_gmt":"2018-09-06T21:33:28","slug":"postergacion-del-mega-festival-del-aire-por-condiciones-climaticas","status":"publish","type":"post","link":"https:\/\/eldiariodesanpedro.com.ar\/sitio\/postergacion-del-mega-festival-del-aire-por-condiciones-climaticas\/","title":{"rendered":"Postergaci\u00f3n del Mega Festival del Aire por condiciones clim\u00e1ticas"},"content":{"rendered":"<p><!-- VideographyWP Plugin Message: Automatic video embedding prevented by plugin options. --><br \/>\nLa Municipalidad de San Pedro y la Agrupaci\u00f3n 4 Caminos informan que ante los pron\u00f3sticos que anticipan fuertes vientos para el fin de semana, es necesario reprogramar el Mega Festival del Aire previsto para este fin de semana en el Aeroclub San Pedro. <\/p>\n<p>Manteniendo la misma programaci\u00f3n y todas las atracciones anunciadas, el evento tendr\u00e1 lugar el pr\u00f3ximo fin de semana del 15 y 16 de Septiembre. <\/p>\n<p>Desde la organizaci\u00f3n se agradece la comprensi\u00f3n y el acompa\u00f1amiento de todos los involucrados, renovando la invitaci\u00f3n para la fecha anunciada.<\/p>\n","protected":false},"excerpt":{"rendered":"<p>La Municipalidad de San Pedro y la Agrupaci\u00f3n 4 Caminos informan que ante los pron\u00f3sticos que anticipan fuertes vientos para el fin de semana, es necesario reprogramar el Mega Festival del Aire previsto para este fin de semana en el Aeroclub San Pedro. Manteniendo la misma programaci\u00f3n y todas las atracciones anunciadas, el evento tendr\u00e1 [&hellip;]<\/p>\n","protected":false},"author":4,"featured_media":39730,"comment_status":"open","ping_status":"closed","sticky":false,"template":"","format":"standard","meta":{"om_disable_all_campaigns":false,"_jetpack_memberships_contains_paid_content":false,"footnotes":""},"categories":[101,2],"tags":[],"class_list":["post-39729","post","type-post","status-publish","format-standard","has-post-thumbnail","hentry","category-interes-general-locales","category-locales"],"aioseo_notices":[],"gutentor_comment":0,"jetpack_featured_media_url":"https:\/\/eldiariodesanpedro.com.ar\/sitio\/wp-content\/uploads\/2018\/09\/globo.jpg","jetpack_shortlink":"https:\/\/wp.me\/p6RhLt-akN","jetpack_sharing_enabled":true,"_links":{"self":[{"href":"https:\/\/eldiariodesanpedro.com.ar\/sitio\/wp-json\/wp\/v2\/posts\/39729","targetHints":{"allow":["GET"]}}],"collection":[{"href":"https:\/\/eldiariodesanpedro.com.ar\/sitio\/wp-json\/wp\/v2\/posts"}],"about":[{"href":"https:\/\/eldiariodesanpedro.com.ar\/sitio\/wp-json\/wp\/v2\/types\/post"}],"author":[{"embeddable":true,"href":"https:\/\/eldiariodesanpedro.com.ar\/sitio\/wp-json\/wp\/v2\/users\/4"}],"replies":[{"embeddable":true,"href":"https:\/\/eldiariodesanpedro.com.ar\/sitio\/wp-json\/wp\/v2\/comments?post=39729"}],"version-history":[{"count":1,"href":"https:\/\/eldiariodesanpedro.com.ar\/sitio\/wp-json\/wp\/v2\/posts\/39729\/revisions"}],"predecessor-version":[{"id":39731,"href":"https:\/\/eldiariodesanpedro.com.ar\/sitio\/wp-json\/wp\/v2\/posts\/39729\/revisions\/39731"}],"wp:featuredmedia":[{"embeddable":true,"href":"https:\/\/eldiariodesanpedro.com.ar\/sitio\/wp-json\/wp\/v2\/media\/39730"}],"wp:attachment":[{"href":"https:\/\/eldiariodesanpedro.com.ar\/sitio\/wp-json\/wp\/v2\/media?parent=39729"}],"wp:term":[{"taxonomy":"category","embeddable":true,"href":"https:\/\/eldiariodesanpedro.com.ar\/sitio\/wp-json\/wp\/v2\/categories?post=39729"},{"taxonomy":"post_tag","embeddable":true,"href":"https:\/\/eldiariodesanpedro.com.ar\/sitio\/wp-json\/wp\/v2\/tags?post=39729"}],"curies":[{"name":"wp","href":"https:\/\/api.w.org\/{rel}","templated":true}]}}