{"id":39726,"date":"2018-09-06T18:44:27","date_gmt":"2018-09-06T21:44:27","guid":{"rendered":"https:\/\/eldiariodesanpedro.com.ar\/sitio\/?p=39726"},"modified":"2018-09-06T18:49:29","modified_gmt":"2018-09-06T21:49:29","slug":"un-joven-aprehendido-por-transportar-en-su-auto-gran-cantidad-de-marihuana-y-una-rama-de-fuego","status":"publish","type":"post","link":"https:\/\/eldiariodesanpedro.com.ar\/sitio\/un-joven-aprehendido-por-transportar-en-su-auto-gran-cantidad-de-marihuana-y-una-rama-de-fuego\/","title":{"rendered":"Un joven aprehendido por transportar en su auto gran cantidad de marihuana y un arma de fuego"},"content":{"rendered":"<p><!-- VideographyWP Plugin Message: Automatic video embedding prevented by plugin options. --><br \/>\nEste mi\u00e9rcoles,  promediando las 19:00 hs, personal policial de esta Comisaria Local, aprehendi\u00f3 a un sujeto con gran cantidad de marihuana que llevaba compactada en su auto de alta gama. Tambi\u00e9n se le secuestro un arma de fuego, dinero en efectivo y un celular.<\/p>\n<p>El Operativo se produjo, que se puede destacar que son en distintos marcos de manera constante en nuestra ciudad, en calle Fray Cayetano Rodriguez al 700, donde se  intercepto un autom\u00f3vil de alta gama, que era conducido por un joven de 26 a\u00f1os de edad, quien primeramente  intenta huir y evadir el control policial.<\/p>\n<p>Al lograr su aprehensi\u00f3n, se le secuestra del rodado un arma de fuego de guerra cargada, sustancias de  marihuana en importante cantidad compactada y en menor cantidad sustancia similar a coca\u00edna que sera sometida a test de orientaci\u00f3n, dinero efectivo y un celular. <\/p>\n<p><img decoding=\"async\" data-attachment-id=\"39736\" data-permalink=\"https:\/\/eldiariodesanpedro.com.ar\/sitio\/un-joven-aprehendido-por-transportar-en-su-auto-gran-cantidad-de-marihuana-y-una-rama-de-fuego\/whatsapp-image-2018-09-06-at-12-54-00-770x578\/\" data-orig-file=\"https:\/\/eldiariodesanpedro.com.ar\/sitio\/wp-content\/uploads\/2018\/09\/WhatsApp-Image-2018-09-06-at-12.54.00-770x578.jpeg\" data-orig-size=\"770,578\" data-comments-opened=\"1\" data-image-meta=\"{&quot;aperture&quot;:&quot;0&quot;,&quot;credit&quot;:&quot;&quot;,&quot;camera&quot;:&quot;&quot;,&quot;caption&quot;:&quot;&quot;,&quot;created_timestamp&quot;:&quot;0&quot;,&quot;copyright&quot;:&quot;&quot;,&quot;focal_length&quot;:&quot;0&quot;,&quot;iso&quot;:&quot;0&quot;,&quot;shutter_speed&quot;:&quot;0&quot;,&quot;title&quot;:&quot;&quot;,&quot;orientation&quot;:&quot;0&quot;}\" data-image-title=\"WhatsApp-Image-2018-09-06-at-12.54.00-770&amp;#215;578\" data-image-description=\"\" data-image-caption=\"\" data-large-file=\"https:\/\/eldiariodesanpedro.com.ar\/sitio\/wp-content\/uploads\/2018\/09\/WhatsApp-Image-2018-09-06-at-12.54.00-770x578.jpeg\" data-src=\"https:\/\/eldiariodesanpedro.com.ar\/sitio\/wp-content\/uploads\/2018\/09\/WhatsApp-Image-2018-09-06-at-12.54.00-770x578.jpeg\" alt=\"\" width=\"770\" height=\"578\" class=\"alignnone size-full wp-image-39736 lazyload\" data-srcset=\"https:\/\/eldiariodesanpedro.com.ar\/sitio\/wp-content\/uploads\/2018\/09\/WhatsApp-Image-2018-09-06-at-12.54.00-770x578.jpeg 770w, https:\/\/eldiariodesanpedro.com.ar\/sitio\/wp-content\/uploads\/2018\/09\/WhatsApp-Image-2018-09-06-at-12.54.00-770x578-300x225.jpeg 300w, https:\/\/eldiariodesanpedro.com.ar\/sitio\/wp-content\/uploads\/2018\/09\/WhatsApp-Image-2018-09-06-at-12.54.00-770x578-768x576.jpeg 768w\" data-sizes=\"(max-width: 770px) 100vw, 770px\" src=\"data:image\/svg+xml;base64,PHN2ZyB3aWR0aD0iMSIgaGVpZ2h0PSIxIiB4bWxucz0iaHR0cDovL3d3dy53My5vcmcvMjAwMC9zdmciPjwvc3ZnPg==\" style=\"--smush-placeholder-width: 770px; --smush-placeholder-aspect-ratio: 770\/578;\" \/><\/p>\n<p>De manera inmediata y prosiguiendo con las tareas investigadoras, se solicito allanamiento para el domicilio del sujeto aprehendido, ubicado en cercan\u00edas del lugar del procedimiento, el cual extendido por la rapidez del accionar de la justicia, se logro secuestrar un tanto mas de marihuana compactada, semillas de la misma sustancia, y replica de arma de fuego.<\/p>\n<p><img decoding=\"async\" data-attachment-id=\"39739\" data-permalink=\"https:\/\/eldiariodesanpedro.com.ar\/sitio\/un-joven-aprehendido-por-transportar-en-su-auto-gran-cantidad-de-marihuana-y-una-rama-de-fuego\/whatsapp-image-2018-09-06-at-18-40-54\/\" data-orig-file=\"https:\/\/eldiariodesanpedro.com.ar\/sitio\/wp-content\/uploads\/2018\/09\/WhatsApp-Image-2018-09-06-at-18.40.54.jpeg\" data-orig-size=\"960,1280\" data-comments-opened=\"1\" data-image-meta=\"{&quot;aperture&quot;:&quot;0&quot;,&quot;credit&quot;:&quot;&quot;,&quot;camera&quot;:&quot;&quot;,&quot;caption&quot;:&quot;&quot;,&quot;created_timestamp&quot;:&quot;0&quot;,&quot;copyright&quot;:&quot;&quot;,&quot;focal_length&quot;:&quot;0&quot;,&quot;iso&quot;:&quot;0&quot;,&quot;shutter_speed&quot;:&quot;0&quot;,&quot;title&quot;:&quot;&quot;,&quot;orientation&quot;:&quot;0&quot;}\" data-image-title=\"WhatsApp Image 2018-09-06 at 18.40.54\" data-image-description=\"\" data-image-caption=\"\" data-large-file=\"https:\/\/eldiariodesanpedro.com.ar\/sitio\/wp-content\/uploads\/2018\/09\/WhatsApp-Image-2018-09-06-at-18.40.54-768x1024.jpeg\" data-src=\"https:\/\/eldiariodesanpedro.com.ar\/sitio\/wp-content\/uploads\/2018\/09\/WhatsApp-Image-2018-09-06-at-18.40.54-768x1024.jpeg\" alt=\"\" width=\"660\" height=\"880\" class=\"alignnone size-large wp-image-39739 lazyload\" data-srcset=\"https:\/\/eldiariodesanpedro.com.ar\/sitio\/wp-content\/uploads\/2018\/09\/WhatsApp-Image-2018-09-06-at-18.40.54-768x1024.jpeg 768w, https:\/\/eldiariodesanpedro.com.ar\/sitio\/wp-content\/uploads\/2018\/09\/WhatsApp-Image-2018-09-06-at-18.40.54-225x300.jpeg 225w, https:\/\/eldiariodesanpedro.com.ar\/sitio\/wp-content\/uploads\/2018\/09\/WhatsApp-Image-2018-09-06-at-18.40.54.jpeg 960w\" data-sizes=\"(max-width: 660px) 100vw, 660px\" src=\"data:image\/svg+xml;base64,PHN2ZyB3aWR0aD0iMSIgaGVpZ2h0PSIxIiB4bWxucz0iaHR0cDovL3d3dy53My5vcmcvMjAwMC9zdmciPjwvc3ZnPg==\" style=\"--smush-placeholder-width: 660px; --smush-placeholder-aspect-ratio: 660\/880;\" \/><\/p>\n<p> El aprehendido permanece alojado en sede policial, a disposici\u00f3n de la Fiscalia en turno de san Pedro.<\/p>\n","protected":false},"excerpt":{"rendered":"<p>Este mi\u00e9rcoles, promediando las 19:00 hs, personal policial de esta Comisaria Local, aprehendi\u00f3 a un sujeto con gran cantidad de marihuana que llevaba compactada en su auto de alta gama. Tambi\u00e9n se le secuestro un arma de fuego, dinero en efectivo y un celular. El Operativo se produjo, que se puede destacar que son en [&hellip;]<\/p>\n","protected":false},"author":4,"featured_media":39736,"comment_status":"open","ping_status":"closed","sticky":false,"template":"","format":"standard","meta":{"om_disable_all_campaigns":false,"_jetpack_memberships_contains_paid_content":false,"footnotes":""},"categories":[50,2,103],"tags":[],"class_list":["post-39726","post","type-post","status-publish","format-standard","has-post-thumbnail","hentry","category-destacadas","category-locales","category-policiales-locales"],"aioseo_notices":[],"gutentor_comment":0,"jetpack_featured_media_url":"https:\/\/eldiariodesanpedro.com.ar\/sitio\/wp-content\/uploads\/2018\/09\/WhatsApp-Image-2018-09-06-at-12.54.00-770x578.jpeg","jetpack_shortlink":"https:\/\/wp.me\/p6RhLt-akK","jetpack_sharing_enabled":true,"_links":{"self":[{"href":"https:\/\/eldiariodesanpedro.com.ar\/sitio\/wp-json\/wp\/v2\/posts\/39726","targetHints":{"allow":["GET"]}}],"collection":[{"href":"https:\/\/eldiariodesanpedro.com.ar\/sitio\/wp-json\/wp\/v2\/posts"}],"about":[{"href":"https:\/\/eldiariodesanpedro.com.ar\/sitio\/wp-json\/wp\/v2\/types\/post"}],"author":[{"embeddable":true,"href":"https:\/\/eldiariodesanpedro.com.ar\/sitio\/wp-json\/wp\/v2\/users\/4"}],"replies":[{"embeddable":true,"href":"https:\/\/eldiariodesanpedro.com.ar\/sitio\/wp-json\/wp\/v2\/comments?post=39726"}],"version-history":[{"count":3,"href":"https:\/\/eldiariodesanpedro.com.ar\/sitio\/wp-json\/wp\/v2\/posts\/39726\/revisions"}],"predecessor-version":[{"id":39745,"href":"https:\/\/eldiariodesanpedro.com.ar\/sitio\/wp-json\/wp\/v2\/posts\/39726\/revisions\/39745"}],"wp:featuredmedia":[{"embeddable":true,"href":"https:\/\/eldiariodesanpedro.com.ar\/sitio\/wp-json\/wp\/v2\/media\/39736"}],"wp:attachment":[{"href":"https:\/\/eldiariodesanpedro.com.ar\/sitio\/wp-json\/wp\/v2\/media?parent=39726"}],"wp:term":[{"taxonomy":"category","embeddable":true,"href":"https:\/\/eldiariodesanpedro.com.ar\/sitio\/wp-json\/wp\/v2\/categories?post=39726"},{"taxonomy":"post_tag","embeddable":true,"href":"https:\/\/eldiariodesanpedro.com.ar\/sitio\/wp-json\/wp\/v2\/tags?post=39726"}],"curies":[{"name":"wp","href":"https:\/\/api.w.org\/{rel}","templated":true}]}}