{"id":39721,"date":"2018-09-06T18:08:41","date_gmt":"2018-09-06T21:08:41","guid":{"rendered":"https:\/\/eldiariodesanpedro.com.ar\/sitio\/?p=39721"},"modified":"2018-09-06T18:08:41","modified_gmt":"2018-09-06T21:08:41","slug":"lima-vecinos-limenos-manifestaron-pidiendo-su-autonomia-en-la-plata","status":"publish","type":"post","link":"https:\/\/eldiariodesanpedro.com.ar\/sitio\/lima-vecinos-limenos-manifestaron-pidiendo-su-autonomia-en-la-plata\/","title":{"rendered":"LIMA: Vecinos lime\u00f1os manifestaron pidiendo su autonom\u00eda en La Plata"},"content":{"rendered":"<p><!-- VideographyWP Plugin Message: Automatic video embedding prevented by plugin options. --><br \/>\nVecinos de Lima realizaron una manifestaci\u00f3n este mi\u00e9rcoles en La Plata, en la previa al debate que encarar\u00e1 la Comisi\u00f3n de Asuntos Municipales sobre el planteo que la localidad se separe de Z\u00e1rate y otros proyectos de creaci\u00f3n de partidos.<\/p>\n<p>Los autonomistas visibilizaron su reclamo frente a la Legislatura bonaerense, el edificio anexo de la C\u00e1mara de Diputados y la sede de la Gobernaci\u00f3n de la provincia de Buenos Aires.<\/p>\n<p>En concreto, lograron entrevistarse con el diputado Fabio Britos (Integrar) y con el titular del bloque de diputados del Frente Renovador, Rub\u00e9n Eslaiman.<\/p>\n<p>Asimismo mantuvieron encuentro con asesores del diputado Daniel Ivoskus y de las legisladores de Sandra Paris (Cambiemos) y Patricia Moyano (PJ \u2013 Unidad y Renovaci\u00f3n), oriundas de Z\u00e1rate.<\/p>\n<p>\u201cB\u00e1sicamente, lo que les pedimos es que se debata. No aceptamos que este proyecto lo tenga una comisi\u00f3n sin tratamiento hace dos a\u00f1os\u201d, afirm\u00f3 a La Tecla.info, Lorena Roda, flamante presidenta de la Asociaci\u00f3n Vecinal por la Autonom\u00eda.<\/p>\n<p>El proyecto de separaci\u00f3n de Lima est\u00e1 en la Comisi\u00f3n de Asuntos Municipales, que preside Juan Andreotti. Originalmente se hab\u00eda planteado para hoy el inicio del tratamiento de todos los proyectos que plantean la creaci\u00f3n de distritos, pero al final se posterg\u00f3 para la semana pr\u00f3xima.  En primer lugar, se debe acordar con los diferentes espacios las audiencias a encarar para conocer todas las voces.<\/p>\n<p>Como inform\u00f3 La Tecla, se piensan convocar a los intendentes Ver\u00f3nica Magario (La Matanza), Jorge Ferraresi (Avellaneda), Moreno (Walter Festa), Z\u00e1rate (Osvaldo C\u00e1ffaro), Julio Marini (Benito Ju\u00e1rez), Carlos Arroyo (General Puyerred\u00f3n) y Carlos Ronda (Mar Chiquita).<\/p>\n<p>Fuente: Enlace Critico<\/p>\n","protected":false},"excerpt":{"rendered":"<p>Vecinos de Lima realizaron una manifestaci\u00f3n este mi\u00e9rcoles en La Plata, en la previa al debate que encarar\u00e1 la Comisi\u00f3n de Asuntos Municipales sobre el planteo que la localidad se separe de Z\u00e1rate y otros proyectos de creaci\u00f3n de partidos. Los autonomistas visibilizaron su reclamo frente a la Legislatura bonaerense, el edificio anexo de la [&hellip;]<\/p>\n","protected":false},"author":4,"featured_media":39722,"comment_status":"open","ping_status":"closed","sticky":false,"template":"","format":"standard","meta":{"om_disable_all_campaigns":false,"_jetpack_memberships_contains_paid_content":false,"footnotes":""},"categories":[621],"tags":[],"class_list":["post-39721","post","type-post","status-publish","format-standard","has-post-thumbnail","hentry","category-regionales"],"aioseo_notices":[],"gutentor_comment":0,"jetpack_featured_media_url":"https:\/\/eldiariodesanpedro.com.ar\/sitio\/wp-content\/uploads\/2018\/09\/40813714_244578079582041_1563618067135594496_n_658x400.jpg","jetpack_shortlink":"https:\/\/wp.me\/p6RhLt-akF","jetpack_sharing_enabled":true,"_links":{"self":[{"href":"https:\/\/eldiariodesanpedro.com.ar\/sitio\/wp-json\/wp\/v2\/posts\/39721","targetHints":{"allow":["GET"]}}],"collection":[{"href":"https:\/\/eldiariodesanpedro.com.ar\/sitio\/wp-json\/wp\/v2\/posts"}],"about":[{"href":"https:\/\/eldiariodesanpedro.com.ar\/sitio\/wp-json\/wp\/v2\/types\/post"}],"author":[{"embeddable":true,"href":"https:\/\/eldiariodesanpedro.com.ar\/sitio\/wp-json\/wp\/v2\/users\/4"}],"replies":[{"embeddable":true,"href":"https:\/\/eldiariodesanpedro.com.ar\/sitio\/wp-json\/wp\/v2\/comments?post=39721"}],"version-history":[{"count":1,"href":"https:\/\/eldiariodesanpedro.com.ar\/sitio\/wp-json\/wp\/v2\/posts\/39721\/revisions"}],"predecessor-version":[{"id":39723,"href":"https:\/\/eldiariodesanpedro.com.ar\/sitio\/wp-json\/wp\/v2\/posts\/39721\/revisions\/39723"}],"wp:featuredmedia":[{"embeddable":true,"href":"https:\/\/eldiariodesanpedro.com.ar\/sitio\/wp-json\/wp\/v2\/media\/39722"}],"wp:attachment":[{"href":"https:\/\/eldiariodesanpedro.com.ar\/sitio\/wp-json\/wp\/v2\/media?parent=39721"}],"wp:term":[{"taxonomy":"category","embeddable":true,"href":"https:\/\/eldiariodesanpedro.com.ar\/sitio\/wp-json\/wp\/v2\/categories?post=39721"},{"taxonomy":"post_tag","embeddable":true,"href":"https:\/\/eldiariodesanpedro.com.ar\/sitio\/wp-json\/wp\/v2\/tags?post=39721"}],"curies":[{"name":"wp","href":"https:\/\/api.w.org\/{rel}","templated":true}]}}