{"id":39718,"date":"2018-09-06T18:04:26","date_gmt":"2018-09-06T21:04:26","guid":{"rendered":"https:\/\/eldiariodesanpedro.com.ar\/sitio\/?p=39718"},"modified":"2018-09-06T18:04:26","modified_gmt":"2018-09-06T21:04:26","slug":"ramallo-poletti-se-reunio-con-el-ministro-de-infraestructura-bonaerense-por-el-cout","status":"publish","type":"post","link":"https:\/\/eldiariodesanpedro.com.ar\/sitio\/ramallo-poletti-se-reunio-con-el-ministro-de-infraestructura-bonaerense-por-el-cout\/","title":{"rendered":"RAMALLO: Poletti se reuni\u00f3 con el ministro de Infraestructura bonaerense por el COUT"},"content":{"rendered":"<p><!-- VideographyWP Plugin Message: Automatic video embedding prevented by plugin options. --><br \/>\nEl intendente Mauro Poletti viaj\u00f3 este viernes a la ciudad de La Plata para reunirse con el ministro de Infraestructura, Roberto Gigante, para intentar destrabar las discusiones por el C\u00f3digo de Ordenamiento Urbano y Territorial.<br \/>\nSobre este tema, el concejal del Frente para la Victoria-Unidad Ciudadana, Gabriel Mac\u00edas, relat\u00f3: \u201cestuvimos con el intendente Mauro Poletti, el secretario de Obras y Servicios P\u00fablicos, Leandro Torri, y el secretario legal, Ignacio Zubiette, en el Ministerio de Infraestructura reunidos con el ministro Roberto Gigante, y el funcionario Dante Galeassi\u201d.<\/p>\n<p>\u201cLa idea era consultar sobre la viabilidad de la ordenanza del C\u00f3digo que subi\u00f3 el Ejecutivo al Concejo Deliberante y ver c\u00f3mo iban con las respuestas de las resoluciones que el cuerpo aprob\u00f3 en la sesi\u00f3n pasada\u201d, expres\u00f3.<\/p>\n<p>Y lament\u00f3: \u201cnos encontramos con la situaci\u00f3n de que no ten\u00edan conocimiento de las resoluciones y no sabemos porque no les han llegado a\u00fan. No obstante eso le llevamos copias de las tres resoluciones aprobadas, las cuales fueron entregadas por el mismo intendente y le solicitamos que respondan a la brevedad. Solicitud a la cual nos respondieron positivamente\u201d.<\/p>\n<p>Ante la dilaci\u00f3n en la homologaci\u00f3n del COUT, Mac\u00edas manifest\u00f3 que \u201ccharlamos sobre el dictamen enviado en junio, y sobre las diferentes situaciones planteadas por la oposici\u00f3n en el Concejo. La sensaci\u00f3n general es que hay toda la voluntad pol\u00edtica de destrabar esta situaci\u00f3n, para que Ramallo env\u00ede el c\u00f3digo aprobado por el cuerpo, y as\u00ed lograr su homologaci\u00f3n\u201d.<\/p>\n<p>\u201cB\u00e1sicamente creemos que est\u00e1 en manos de los concejales locales. Y esperamos que, una vez  llegadas estas respuestas, podamos avanzar en el trabajo de la ordenanza y aprobaci\u00f3n del C\u00f3digo\u201d, cerr\u00f3 el edil.<\/p>\n<p>Fuente: Ramallo Ciudad<\/p>\n","protected":false},"excerpt":{"rendered":"<p>El intendente Mauro Poletti viaj\u00f3 este viernes a la ciudad de La Plata para reunirse con el ministro de Infraestructura, Roberto Gigante, para intentar destrabar las discusiones por el C\u00f3digo de Ordenamiento Urbano y Territorial. Sobre este tema, el concejal del Frente para la Victoria-Unidad Ciudadana, Gabriel Mac\u00edas, relat\u00f3: \u201cestuvimos con el intendente Mauro Poletti, [&hellip;]<\/p>\n","protected":false},"author":4,"featured_media":39719,"comment_status":"open","ping_status":"closed","sticky":false,"template":"","format":"standard","meta":{"om_disable_all_campaigns":false,"_jetpack_memberships_contains_paid_content":false,"footnotes":""},"categories":[621],"tags":[],"class_list":["post-39718","post","type-post","status-publish","format-standard","has-post-thumbnail","hentry","category-regionales"],"aioseo_notices":[],"gutentor_comment":0,"jetpack_featured_media_url":"https:\/\/eldiariodesanpedro.com.ar\/sitio\/wp-content\/uploads\/2018\/09\/bbx_759489484_1_nota_codigo.jpg","jetpack_shortlink":"https:\/\/wp.me\/p6RhLt-akC","jetpack_sharing_enabled":true,"_links":{"self":[{"href":"https:\/\/eldiariodesanpedro.com.ar\/sitio\/wp-json\/wp\/v2\/posts\/39718","targetHints":{"allow":["GET"]}}],"collection":[{"href":"https:\/\/eldiariodesanpedro.com.ar\/sitio\/wp-json\/wp\/v2\/posts"}],"about":[{"href":"https:\/\/eldiariodesanpedro.com.ar\/sitio\/wp-json\/wp\/v2\/types\/post"}],"author":[{"embeddable":true,"href":"https:\/\/eldiariodesanpedro.com.ar\/sitio\/wp-json\/wp\/v2\/users\/4"}],"replies":[{"embeddable":true,"href":"https:\/\/eldiariodesanpedro.com.ar\/sitio\/wp-json\/wp\/v2\/comments?post=39718"}],"version-history":[{"count":1,"href":"https:\/\/eldiariodesanpedro.com.ar\/sitio\/wp-json\/wp\/v2\/posts\/39718\/revisions"}],"predecessor-version":[{"id":39720,"href":"https:\/\/eldiariodesanpedro.com.ar\/sitio\/wp-json\/wp\/v2\/posts\/39718\/revisions\/39720"}],"wp:featuredmedia":[{"embeddable":true,"href":"https:\/\/eldiariodesanpedro.com.ar\/sitio\/wp-json\/wp\/v2\/media\/39719"}],"wp:attachment":[{"href":"https:\/\/eldiariodesanpedro.com.ar\/sitio\/wp-json\/wp\/v2\/media?parent=39718"}],"wp:term":[{"taxonomy":"category","embeddable":true,"href":"https:\/\/eldiariodesanpedro.com.ar\/sitio\/wp-json\/wp\/v2\/categories?post=39718"},{"taxonomy":"post_tag","embeddable":true,"href":"https:\/\/eldiariodesanpedro.com.ar\/sitio\/wp-json\/wp\/v2\/tags?post=39718"}],"curies":[{"name":"wp","href":"https:\/\/api.w.org\/{rel}","templated":true}]}}