{"id":39699,"date":"2018-09-06T09:50:33","date_gmt":"2018-09-06T12:50:33","guid":{"rendered":"https:\/\/eldiariodesanpedro.com.ar\/sitio\/?p=39699"},"modified":"2018-09-06T09:50:33","modified_gmt":"2018-09-06T12:50:33","slug":"juan-catalano-dejo-de-ser-el-titular-de-la-comisaria-video","status":"publish","type":"post","link":"https:\/\/eldiariodesanpedro.com.ar\/sitio\/juan-catalano-dejo-de-ser-el-titular-de-la-comisaria-video\/","title":{"rendered":"Juan Catalano dej\u00f3 de ser el titular de la Comisar\u00eda (Video)"},"content":{"rendered":"<p><!-- VideographyWP Plugin Message: Automatic video embedding prevented by plugin options. --><br \/>\nEl Comisario hab\u00eda solicitado su relevo al Ministerio de Seguridad y durante la jornada del mi\u00e9rcoles se hizo efectivo. En su lugar fue confirmado el Subcomisario Andr\u00e9s Galeano. Tambi\u00e9n dej\u00f3 la Comisar\u00eda el jefe de calle Mat\u00edas Passoni.<\/p>\n<p>Durante la tarde del mi\u00e9rcoles se concret\u00f3 el alejamiento como titular de la Comisar\u00eda San Pedro del Comisario Juan Ram\u00f3n Catalano.<br \/>\nEn su lugar asumi\u00f3 el Subcomisario Andr\u00e9s Galeano que es quien se ven\u00eda desempe\u00f1ando como segundo jefe en la dependencia.<br \/>\nEl propio Catalano confirm\u00f3 que fue \u00e9l mismo quien el pasado lunes solicit\u00f3 su relevamiento del cargo al entender que hab\u00eda cumplido un ciclo. <\/p>\n<p>Esta no fue la \u00fanica modificaci\u00f3n que se concret\u00f3 este mismo mi\u00e9rcoles en la Comisar\u00eda ya que por decisi\u00f3n del Ministerio de Seguridad fue trasladado el Teniente Mat\u00edas Passoni que se ven\u00eda desempe\u00f1ando como jefe de calle en la misma dependencia.<br \/>\nAhora, tanto Catalano como Passoni, pasar\u00e1n a cumplir funciones a la Jefatura Departamental en San Nicol\u00e1s y al Comando de San Nicol\u00e1s.<\/p>\n<p>En tanto se aguarda la resoluci\u00f3n que podr\u00eda tomar el Ministerio de Seguridad en torno a la decisi\u00f3n adoptada por el Intendente Salazar de pasar la Polic\u00eda Distrital a Comunal.<\/p>\n<p><iframe data-src=\"https:\/\/www.facebook.com\/plugins\/video.php?href=https%3A%2F%2Fwww.facebook.com%2Feldiario.desanpedro%2Fvideos%2F1099131643579686%2F&#038;show_text=0&#038;width=560\" width=\"560\" height=\"315\" style=\"border:none;overflow:hidden\" scrolling=\"no\" frameborder=\"0\" allowTransparency=\"true\" allowFullScreen=\"true\" src=\"data:image\/svg+xml;base64,PHN2ZyB3aWR0aD0iMSIgaGVpZ2h0PSIxIiB4bWxucz0iaHR0cDovL3d3dy53My5vcmcvMjAwMC9zdmciPjwvc3ZnPg==\" class=\"lazyload\" data-load-mode=\"1\"><\/iframe><\/p>\n","protected":false},"excerpt":{"rendered":"<p>El Comisario hab\u00eda solicitado su relevo al Ministerio de Seguridad y durante la jornada del mi\u00e9rcoles se hizo efectivo. En su lugar fue confirmado el Subcomisario Andr\u00e9s Galeano. Tambi\u00e9n dej\u00f3 la Comisar\u00eda el jefe de calle Mat\u00edas Passoni. Durante la tarde del mi\u00e9rcoles se concret\u00f3 el alejamiento como titular de la Comisar\u00eda San Pedro del [&hellip;]<\/p>\n","protected":false},"author":4,"featured_media":39700,"comment_status":"open","ping_status":"closed","sticky":false,"template":"","format":"standard","meta":{"om_disable_all_campaigns":false,"_jetpack_memberships_contains_paid_content":false,"footnotes":""},"categories":[50,101,2],"tags":[],"class_list":["post-39699","post","type-post","status-publish","format-standard","has-post-thumbnail","hentry","category-destacadas","category-interes-general-locales","category-locales"],"aioseo_notices":[],"gutentor_comment":0,"jetpack_featured_media_url":"https:\/\/eldiariodesanpedro.com.ar\/sitio\/wp-content\/uploads\/2018\/09\/subcomisario-Juan-Catalano.jpg","jetpack_shortlink":"https:\/\/wp.me\/p6RhLt-akj","jetpack_sharing_enabled":true,"_links":{"self":[{"href":"https:\/\/eldiariodesanpedro.com.ar\/sitio\/wp-json\/wp\/v2\/posts\/39699","targetHints":{"allow":["GET"]}}],"collection":[{"href":"https:\/\/eldiariodesanpedro.com.ar\/sitio\/wp-json\/wp\/v2\/posts"}],"about":[{"href":"https:\/\/eldiariodesanpedro.com.ar\/sitio\/wp-json\/wp\/v2\/types\/post"}],"author":[{"embeddable":true,"href":"https:\/\/eldiariodesanpedro.com.ar\/sitio\/wp-json\/wp\/v2\/users\/4"}],"replies":[{"embeddable":true,"href":"https:\/\/eldiariodesanpedro.com.ar\/sitio\/wp-json\/wp\/v2\/comments?post=39699"}],"version-history":[{"count":1,"href":"https:\/\/eldiariodesanpedro.com.ar\/sitio\/wp-json\/wp\/v2\/posts\/39699\/revisions"}],"predecessor-version":[{"id":39701,"href":"https:\/\/eldiariodesanpedro.com.ar\/sitio\/wp-json\/wp\/v2\/posts\/39699\/revisions\/39701"}],"wp:featuredmedia":[{"embeddable":true,"href":"https:\/\/eldiariodesanpedro.com.ar\/sitio\/wp-json\/wp\/v2\/media\/39700"}],"wp:attachment":[{"href":"https:\/\/eldiariodesanpedro.com.ar\/sitio\/wp-json\/wp\/v2\/media?parent=39699"}],"wp:term":[{"taxonomy":"category","embeddable":true,"href":"https:\/\/eldiariodesanpedro.com.ar\/sitio\/wp-json\/wp\/v2\/categories?post=39699"},{"taxonomy":"post_tag","embeddable":true,"href":"https:\/\/eldiariodesanpedro.com.ar\/sitio\/wp-json\/wp\/v2\/tags?post=39699"}],"curies":[{"name":"wp","href":"https:\/\/api.w.org\/{rel}","templated":true}]}}