{"id":39696,"date":"2018-09-06T09:43:24","date_gmt":"2018-09-06T12:43:24","guid":{"rendered":"https:\/\/eldiariodesanpedro.com.ar\/sitio\/?p=39696"},"modified":"2018-09-06T09:43:24","modified_gmt":"2018-09-06T12:43:24","slug":"exposicion-de-investigaciones-historicas","status":"publish","type":"post","link":"https:\/\/eldiariodesanpedro.com.ar\/sitio\/exposicion-de-investigaciones-historicas\/","title":{"rendered":"Exposici\u00f3n de investigaciones hist\u00f3ricas"},"content":{"rendered":"<p><!-- VideographyWP Plugin Message: Automatic video embedding prevented by plugin options. --><br \/>\nEl Instituto de Formaci\u00f3n Docente n\u00famero 115 Marcos Sastre del Profesorado de Baradero y la Direcci\u00f3n de Cultura de la Municipalidad de San Pedro realizar\u00e1n el s\u00e1bado 8 de septiembre a las 19:00 hs. en la Biblioteca Popular Rafael Obligado una exposici\u00f3n de Investigaciones hist\u00f3ricas.<\/p>\n<p>Son muchos los estudiantes sampedrinos que cursan actualmente la materia Investigaci\u00f3n Hist\u00f3rica, la cual corresponde a la tesina para su graduaci\u00f3n. Esta presentaci\u00f3n a cargo de ex-alumnos tiene como finalidad mostrar la informaci\u00f3n hist\u00f3rica recabada de nuestra zona.<\/p>\n<p>La muestra la desarrollar\u00e1n 3 ex-alumnos sobre temas vinculados a nuestra ciudad: \u00abHistoria del Barrio de La Tosquera\u00bb por el profesor Javier Hern\u00e1n Gim\u00e9nez, \u00abSurgimiento de las Asociaciones de Tiro\u00bb por la profesora Mariana Giglio, y \u00abLos cambios en las formas de trabajo rural introducidos por los colonos Suizos de Baradero\u00bb por la profesora Estefan\u00eda Sol\u00eds. <\/p>\n","protected":false},"excerpt":{"rendered":"<p>El Instituto de Formaci\u00f3n Docente n\u00famero 115 Marcos Sastre del Profesorado de Baradero y la Direcci\u00f3n de Cultura de la Municipalidad de San Pedro realizar\u00e1n el s\u00e1bado 8 de septiembre a las 19:00 hs. en la Biblioteca Popular Rafael Obligado una exposici\u00f3n de Investigaciones hist\u00f3ricas. Son muchos los estudiantes sampedrinos que cursan actualmente la materia [&hellip;]<\/p>\n","protected":false},"author":4,"featured_media":39697,"comment_status":"open","ping_status":"closed","sticky":false,"template":"","format":"standard","meta":{"om_disable_all_campaigns":false,"_jetpack_memberships_contains_paid_content":false,"footnotes":""},"categories":[101,2],"tags":[],"class_list":["post-39696","post","type-post","status-publish","format-standard","has-post-thumbnail","hentry","category-interes-general-locales","category-locales"],"aioseo_notices":[],"gutentor_comment":0,"jetpack_featured_media_url":"https:\/\/eldiariodesanpedro.com.ar\/sitio\/wp-content\/uploads\/2018\/09\/unnamed-1.jpg","jetpack_shortlink":"https:\/\/wp.me\/p6RhLt-akg","jetpack_sharing_enabled":true,"_links":{"self":[{"href":"https:\/\/eldiariodesanpedro.com.ar\/sitio\/wp-json\/wp\/v2\/posts\/39696","targetHints":{"allow":["GET"]}}],"collection":[{"href":"https:\/\/eldiariodesanpedro.com.ar\/sitio\/wp-json\/wp\/v2\/posts"}],"about":[{"href":"https:\/\/eldiariodesanpedro.com.ar\/sitio\/wp-json\/wp\/v2\/types\/post"}],"author":[{"embeddable":true,"href":"https:\/\/eldiariodesanpedro.com.ar\/sitio\/wp-json\/wp\/v2\/users\/4"}],"replies":[{"embeddable":true,"href":"https:\/\/eldiariodesanpedro.com.ar\/sitio\/wp-json\/wp\/v2\/comments?post=39696"}],"version-history":[{"count":1,"href":"https:\/\/eldiariodesanpedro.com.ar\/sitio\/wp-json\/wp\/v2\/posts\/39696\/revisions"}],"predecessor-version":[{"id":39698,"href":"https:\/\/eldiariodesanpedro.com.ar\/sitio\/wp-json\/wp\/v2\/posts\/39696\/revisions\/39698"}],"wp:featuredmedia":[{"embeddable":true,"href":"https:\/\/eldiariodesanpedro.com.ar\/sitio\/wp-json\/wp\/v2\/media\/39697"}],"wp:attachment":[{"href":"https:\/\/eldiariodesanpedro.com.ar\/sitio\/wp-json\/wp\/v2\/media?parent=39696"}],"wp:term":[{"taxonomy":"category","embeddable":true,"href":"https:\/\/eldiariodesanpedro.com.ar\/sitio\/wp-json\/wp\/v2\/categories?post=39696"},{"taxonomy":"post_tag","embeddable":true,"href":"https:\/\/eldiariodesanpedro.com.ar\/sitio\/wp-json\/wp\/v2\/tags?post=39696"}],"curies":[{"name":"wp","href":"https:\/\/api.w.org\/{rel}","templated":true}]}}