{"id":39690,"date":"2018-09-06T09:31:52","date_gmt":"2018-09-06T12:31:52","guid":{"rendered":"https:\/\/eldiariodesanpedro.com.ar\/sitio\/?p=39690"},"modified":"2018-09-06T09:31:52","modified_gmt":"2018-09-06T12:31:52","slug":"el-dia-del-trabajador-mercantil-se-celebrara-el-proximo-24","status":"publish","type":"post","link":"https:\/\/eldiariodesanpedro.com.ar\/sitio\/el-dia-del-trabajador-mercantil-se-celebrara-el-proximo-24\/","title":{"rendered":"El dia del trabajador Mercantil se celebrar\u00e1 el pr\u00f3ximo 24"},"content":{"rendered":"<p><!-- VideographyWP Plugin Message: Automatic video embedding prevented by plugin options. --><br \/>\nEl Centro de Comercio Industria y Turismo informa que se han recibido las notificaciones correspondientes con relaci\u00f3n a la celebraci\u00f3n del D\u00eda de los Trabajadores Mercantiles, y su celebraci\u00f3n. El d\u00eda espec\u00edfico es el mi\u00e9rcoles 26 de septiembre y se ha acordado trasladar al lunes 24. Por el momento no se ha anunciado ninguna modificaci\u00f3n ante la probabilidad de una medida gremial para esa semana.<\/p>\n<p>Se recuerda que seg\u00fan la Ley de Contrato de Trabajo 20.744, en su art\u00edculo 166 se establece que \u201clos d\u00edas feriados nacionales rigen las normas legales sobre el descanso dominical. En dichos d\u00edas los trabajadores que no gozar\u00e1n de la remuneraci\u00f3n respectiva percibir\u00e1n el salario correspondiente a los mismos, a\u00fan cuando coincidan en domingo. En caso que presten servicios en tales d\u00edas, cobrar\u00e1n la remuneraci\u00f3n normal de los d\u00edas laborables m\u00e1s una cantidad igual\u00bb.<\/p>\n","protected":false},"excerpt":{"rendered":"<p>El Centro de Comercio Industria y Turismo informa que se han recibido las notificaciones correspondientes con relaci\u00f3n a la celebraci\u00f3n del D\u00eda de los Trabajadores Mercantiles, y su celebraci\u00f3n. El d\u00eda espec\u00edfico es el mi\u00e9rcoles 26 de septiembre y se ha acordado trasladar al lunes 24. Por el momento no se ha anunciado ninguna modificaci\u00f3n [&hellip;]<\/p>\n","protected":false},"author":4,"featured_media":39691,"comment_status":"open","ping_status":"closed","sticky":false,"template":"","format":"standard","meta":{"om_disable_all_campaigns":false,"_jetpack_memberships_contains_paid_content":false,"footnotes":""},"categories":[101,2],"tags":[],"class_list":["post-39690","post","type-post","status-publish","format-standard","has-post-thumbnail","hentry","category-interes-general-locales","category-locales"],"aioseo_notices":[],"gutentor_comment":0,"jetpack_featured_media_url":"https:\/\/eldiariodesanpedro.com.ar\/sitio\/wp-content\/uploads\/2018\/09\/1467179571051.jpg","jetpack_shortlink":"https:\/\/wp.me\/p6RhLt-aka","jetpack_sharing_enabled":true,"_links":{"self":[{"href":"https:\/\/eldiariodesanpedro.com.ar\/sitio\/wp-json\/wp\/v2\/posts\/39690","targetHints":{"allow":["GET"]}}],"collection":[{"href":"https:\/\/eldiariodesanpedro.com.ar\/sitio\/wp-json\/wp\/v2\/posts"}],"about":[{"href":"https:\/\/eldiariodesanpedro.com.ar\/sitio\/wp-json\/wp\/v2\/types\/post"}],"author":[{"embeddable":true,"href":"https:\/\/eldiariodesanpedro.com.ar\/sitio\/wp-json\/wp\/v2\/users\/4"}],"replies":[{"embeddable":true,"href":"https:\/\/eldiariodesanpedro.com.ar\/sitio\/wp-json\/wp\/v2\/comments?post=39690"}],"version-history":[{"count":1,"href":"https:\/\/eldiariodesanpedro.com.ar\/sitio\/wp-json\/wp\/v2\/posts\/39690\/revisions"}],"predecessor-version":[{"id":39692,"href":"https:\/\/eldiariodesanpedro.com.ar\/sitio\/wp-json\/wp\/v2\/posts\/39690\/revisions\/39692"}],"wp:featuredmedia":[{"embeddable":true,"href":"https:\/\/eldiariodesanpedro.com.ar\/sitio\/wp-json\/wp\/v2\/media\/39691"}],"wp:attachment":[{"href":"https:\/\/eldiariodesanpedro.com.ar\/sitio\/wp-json\/wp\/v2\/media?parent=39690"}],"wp:term":[{"taxonomy":"category","embeddable":true,"href":"https:\/\/eldiariodesanpedro.com.ar\/sitio\/wp-json\/wp\/v2\/categories?post=39690"},{"taxonomy":"post_tag","embeddable":true,"href":"https:\/\/eldiariodesanpedro.com.ar\/sitio\/wp-json\/wp\/v2\/tags?post=39690"}],"curies":[{"name":"wp","href":"https:\/\/api.w.org\/{rel}","templated":true}]}}