{"id":39679,"date":"2018-09-05T20:41:32","date_gmt":"2018-09-05T23:41:32","guid":{"rendered":"https:\/\/eldiariodesanpedro.com.ar\/sitio\/?p=39679"},"modified":"2026-01-24T00:11:04","modified_gmt":"2026-01-24T03:11:04","slug":"mitre-festeja-con-una-cena-la-conquista-del-torneo-apertura","status":"publish","type":"post","link":"https:\/\/eldiariodesanpedro.com.ar\/sitio\/mitre-festeja-con-una-cena-la-conquista-del-torneo-apertura\/","title":{"rendered":"Mitre festeja con una cena la conquista del Torneo Apertura"},"content":{"rendered":"<p><!-- VideographyWP Plugin Message: Automatic video embedding prevented by plugin options. --><br \/>\n  El s\u00e1bado 8 de setiembre en \u2018Raphsodia\u2019 el Club Atl\u00e9tico Mitre realizar\u00e1 la cena de campeones, festejo de la conquista del Torneo Apertura que, ganara de manera brillante a mitad de a\u00f1o. <\/p>\n<p>  A todos aquellos que est\u00e1n interesados, hay tarjetas en la secretar\u00eda del Club (gimnasio principal), el costo de las mismas es de $ 400.- los mayores y $ 200.- los menores. El men\u00fa ser\u00e1: empanadas, pollo asado, ensaladas, bebidas y postre. Para bailar la actuaci\u00f3n de Germ\u00e1n Rivas.<\/p>\n<p><em>Merchandising del \u201crojo\u201d &#8211; Gorros, reloj, llavero, calcos, vasos\u2026<\/em><br \/>\n  El grupo que est\u00e1 trabajando para la construcci\u00f3n de la cancha de f\u00fatbol ha puesto a la venta el merchandising del club.<\/p>\n<p>  Se puede conseguir reloj de pared, gorras, llaveros, calcos, stickers, vasos t\u00e9rmicos y camisetas azules.<br \/>\n  Para aquellos que quieran colaborar pueden solicitar en Utiler\u00eda de lunes a jueves de 18 a 22, o en porter\u00eda de viernes a domingos de 14 a 22 hs., tambi\u00e9n coordinar entrega al WhatsApp 3329647739.<\/p>\n","protected":false},"excerpt":{"rendered":"<p>El s\u00e1bado 8 de setiembre en \u2018Raphsodia\u2019 el Club Atl\u00e9tico Mitre realizar\u00e1 la cena de campeones, festejo de la conquista del Torneo Apertura que, ganara de manera brillante a mitad de a\u00f1o. A todos aquellos que est\u00e1n interesados, hay tarjetas en la secretar\u00eda del Club (gimnasio principal), el costo de las mismas es de $ [&hellip;]<\/p>\n","protected":false},"author":4,"featured_media":38548,"comment_status":"open","ping_status":"closed","sticky":false,"template":"","format":"standard","meta":{"om_disable_all_campaigns":false,"_jetpack_memberships_contains_paid_content":false,"footnotes":""},"categories":[5],"tags":[],"class_list":["post-39679","post","type-post","status-publish","format-standard","has-post-thumbnail","hentry","category-deportes"],"aioseo_notices":[],"gutentor_comment":0,"jetpack_featured_media_url":"https:\/\/eldiariodesanpedro.com.ar\/sitio\/wp-content\/uploads\/2018\/08\/Logo-Club-Mitre.jpg","jetpack_shortlink":"https:\/\/wp.me\/p6RhLt-ajZ","jetpack_sharing_enabled":true,"_links":{"self":[{"href":"https:\/\/eldiariodesanpedro.com.ar\/sitio\/wp-json\/wp\/v2\/posts\/39679","targetHints":{"allow":["GET"]}}],"collection":[{"href":"https:\/\/eldiariodesanpedro.com.ar\/sitio\/wp-json\/wp\/v2\/posts"}],"about":[{"href":"https:\/\/eldiariodesanpedro.com.ar\/sitio\/wp-json\/wp\/v2\/types\/post"}],"author":[{"embeddable":true,"href":"https:\/\/eldiariodesanpedro.com.ar\/sitio\/wp-json\/wp\/v2\/users\/4"}],"replies":[{"embeddable":true,"href":"https:\/\/eldiariodesanpedro.com.ar\/sitio\/wp-json\/wp\/v2\/comments?post=39679"}],"version-history":[{"count":1,"href":"https:\/\/eldiariodesanpedro.com.ar\/sitio\/wp-json\/wp\/v2\/posts\/39679\/revisions"}],"predecessor-version":[{"id":39683,"href":"https:\/\/eldiariodesanpedro.com.ar\/sitio\/wp-json\/wp\/v2\/posts\/39679\/revisions\/39683"}],"wp:featuredmedia":[{"embeddable":true,"href":"https:\/\/eldiariodesanpedro.com.ar\/sitio\/wp-json\/wp\/v2\/media\/38548"}],"wp:attachment":[{"href":"https:\/\/eldiariodesanpedro.com.ar\/sitio\/wp-json\/wp\/v2\/media?parent=39679"}],"wp:term":[{"taxonomy":"category","embeddable":true,"href":"https:\/\/eldiariodesanpedro.com.ar\/sitio\/wp-json\/wp\/v2\/categories?post=39679"},{"taxonomy":"post_tag","embeddable":true,"href":"https:\/\/eldiariodesanpedro.com.ar\/sitio\/wp-json\/wp\/v2\/tags?post=39679"}],"curies":[{"name":"wp","href":"https:\/\/api.w.org\/{rel}","templated":true}]}}