{"id":39676,"date":"2018-09-05T20:40:09","date_gmt":"2018-09-05T23:40:09","guid":{"rendered":"https:\/\/eldiariodesanpedro.com.ar\/sitio\/?p=39676"},"modified":"2026-01-24T00:11:04","modified_gmt":"2026-01-24T03:11:04","slug":"automovilismo-solmi-fue-quinto-en-concepcion-del-uruguay","status":"publish","type":"post","link":"https:\/\/eldiariodesanpedro.com.ar\/sitio\/automovilismo-solmi-fue-quinto-en-concepcion-del-uruguay\/","title":{"rendered":"AUTOMOVILISMO: Solmi fue quinto en Concepci\u00f3n del Uruguay"},"content":{"rendered":"<p><!-- VideographyWP Plugin Message: Automatic video embedding prevented by plugin options. --><br \/>\nLucas Carabajal, el chaque\u00f1o del Bruno Motorsport, gan\u00f3 la final del TC Pista Mouras a bordo de su Dodge en Concepci\u00f3n del Uruguay. Juan Ignacio Maceira y Lucas Granja completaron el podio, respectivamente. Junior Solmi culmin\u00f3 quinto.<br \/>\n  En la largada, Carabajal fue efectivo y le arrebat\u00f3 el liderazgo de la carrera a Juan Ignacio Maceira, el representante de AA Racing. Jaime, Mor\u00e1n, Dailoff, Martorelli, De Bonis, Salse y Ferr\u00f3n se vieron involucrados en sendos toques que los dejaron afuera en la primera vuelta, derivando en el ingreso del auto de seguridad.<br \/>\n  En el relanzamiento, el entrerriano Hern\u00e1ndez, que se encontraba relegado en el pelot\u00f3n, arriesg\u00f3 para dar cuenta de Novo y termin\u00f3 fuera de la cinta asf\u00e1ltica en un golpe de escena importante por ser protagonista en la Copa Coronaci\u00f3n.<br \/>\n  Cuando Carabajal parec\u00eda haber neutralizado la diferencia respecto de sus dos inmediatos perseguidores -Maceira y Montanari-, L\u00f3pez y Ghirardi, ambos de Ford, se despistaron generando el ingreso del segundo auto de seguridad.<br \/>\n  En el relanzamiento, a poco del final, Lucas Granja, el l\u00edder del campeonato, dio cuenta de Nicol\u00e1s Montanari para subirse al \u00faltimo escal\u00f3n del podio, en una maniobra que lo ayuda a mantenerse como vigente puntero.<br \/>\n  Jos\u00e9 Rasuk, el pergaminense de Las Toscas Racing, aprovech\u00f3 el sobrepaso de Granja y tambi\u00e9n super\u00f3 a Montanari para concluir cuarto, delante de Junior Solmi, el nacido en San Pedro.<\/p>\n<p>  Junior apod\u00f3 \u201cFrankenstein\u201d a la m\u00e1quina que present\u00f3 este domingo por ser armada de apuros y con \u201cfierros\u201d de diferentes autos que no se utilizaban.<br \/>\n  Tantos fueron los incidentes en la final, que se agot\u00f3 el tiempo y finaliz\u00f3 en la d\u00e9cimo tercera vuelta, tres menos a la cantidad pautada desde el comienzo. Carabajal domin\u00f3 con comodidad en una carrera que le permiti\u00f3 demostrar su potencial, afianzarse en el segundo puesto del campeonato y demostrar que est\u00e1 a la altura en la pelea por el t\u00edtulo.<\/p>\n<p><strong>EN BARADERO EL TC 850 POBLADO DE SAMPEDRINOS<\/strong><br \/>\n  Con 27 m\u00e1quinas se llev\u00f3 adelante la final de TC 850 en el circuito \u201cBarrancas del Baradero\u201d, con una interesante lucha y cambios permanentes en la punta. Esta competencia defini\u00f3 el ingreso a los Play Off para definir el campeonato 201la temporada 2018.<br \/>\n  Tres pilotos de San Pedro los protagonistas principales, siendo ganador Jorge Hepp, detr\u00e1s Pablo Marelli, Chaparro, Aldazabal, Carlos Rabanal, Sergio Ocampo, Sergio D\u00edaz, Gustavo Bresano, Pablo Scarf\u00f3 y Forlano.<\/p>\n","protected":false},"excerpt":{"rendered":"<p>Lucas Carabajal, el chaque\u00f1o del Bruno Motorsport, gan\u00f3 la final del TC Pista Mouras a bordo de su Dodge en Concepci\u00f3n del Uruguay. Juan Ignacio Maceira y Lucas Granja completaron el podio, respectivamente. Junior Solmi culmin\u00f3 quinto. En la largada, Carabajal fue efectivo y le arrebat\u00f3 el liderazgo de la carrera a Juan Ignacio Maceira, [&hellip;]<\/p>\n","protected":false},"author":4,"featured_media":38242,"comment_status":"open","ping_status":"closed","sticky":false,"template":"","format":"standard","meta":{"om_disable_all_campaigns":false,"_jetpack_memberships_contains_paid_content":false,"footnotes":""},"categories":[5],"tags":[],"class_list":["post-39676","post","type-post","status-publish","format-standard","has-post-thumbnail","hentry","category-deportes"],"aioseo_notices":[],"gutentor_comment":0,"jetpack_featured_media_url":"https:\/\/eldiariodesanpedro.com.ar\/sitio\/wp-content\/uploads\/2018\/08\/junior-solmi-en-carrera.jpg","jetpack_shortlink":"https:\/\/wp.me\/p6RhLt-ajW","jetpack_sharing_enabled":true,"_links":{"self":[{"href":"https:\/\/eldiariodesanpedro.com.ar\/sitio\/wp-json\/wp\/v2\/posts\/39676","targetHints":{"allow":["GET"]}}],"collection":[{"href":"https:\/\/eldiariodesanpedro.com.ar\/sitio\/wp-json\/wp\/v2\/posts"}],"about":[{"href":"https:\/\/eldiariodesanpedro.com.ar\/sitio\/wp-json\/wp\/v2\/types\/post"}],"author":[{"embeddable":true,"href":"https:\/\/eldiariodesanpedro.com.ar\/sitio\/wp-json\/wp\/v2\/users\/4"}],"replies":[{"embeddable":true,"href":"https:\/\/eldiariodesanpedro.com.ar\/sitio\/wp-json\/wp\/v2\/comments?post=39676"}],"version-history":[{"count":2,"href":"https:\/\/eldiariodesanpedro.com.ar\/sitio\/wp-json\/wp\/v2\/posts\/39676\/revisions"}],"predecessor-version":[{"id":39681,"href":"https:\/\/eldiariodesanpedro.com.ar\/sitio\/wp-json\/wp\/v2\/posts\/39676\/revisions\/39681"}],"wp:featuredmedia":[{"embeddable":true,"href":"https:\/\/eldiariodesanpedro.com.ar\/sitio\/wp-json\/wp\/v2\/media\/38242"}],"wp:attachment":[{"href":"https:\/\/eldiariodesanpedro.com.ar\/sitio\/wp-json\/wp\/v2\/media?parent=39676"}],"wp:term":[{"taxonomy":"category","embeddable":true,"href":"https:\/\/eldiariodesanpedro.com.ar\/sitio\/wp-json\/wp\/v2\/categories?post=39676"},{"taxonomy":"post_tag","embeddable":true,"href":"https:\/\/eldiariodesanpedro.com.ar\/sitio\/wp-json\/wp\/v2\/tags?post=39676"}],"curies":[{"name":"wp","href":"https:\/\/api.w.org\/{rel}","templated":true}]}}