{"id":39675,"date":"2018-09-05T20:39:26","date_gmt":"2018-09-05T23:39:26","guid":{"rendered":"https:\/\/eldiariodesanpedro.com.ar\/sitio\/?p=39675"},"modified":"2026-01-24T00:11:05","modified_gmt":"2026-01-24T03:11:05","slug":"atletismo-el-cef-organiza-prueba-atletica","status":"publish","type":"post","link":"https:\/\/eldiariodesanpedro.com.ar\/sitio\/atletismo-el-cef-organiza-prueba-atletica\/","title":{"rendered":"ATLETISMO: El CEF organiza prueba atl\u00e9tica"},"content":{"rendered":"<p><!-- VideographyWP Plugin Message: Automatic video embedding prevented by plugin options. --><br \/>\n  En el marco del 40\u00ba aniversario del Centro de Educaci\u00f3n F\u00edsica (CEF) se llevar\u00e1 a cabo la ya tradicional competencia atl\u00e9tica \u201cSan Pedro Corre\u201d el pr\u00f3ximo 16 de septiembre en el Paseo P\u00fablico Municipal.<\/p>\n<p><em>  Ya est\u00e1 abierta la inscripci\u00f3n. Las categor\u00edas son:<\/em><\/p>\n<p>-Hasta 29 a\u00f1os<br \/>\n-De 30 a 39<br \/>\n-De 40 a 49<br \/>\n-Mayores de 50<\/p>\n<p><strong>Handball CEF<\/strong><br \/>\n Ayer en el gimnasio municipal se desarroll\u00f3 un encuentro distrital de handball, para alumnos de sexto a\u00f1o de varios establecimientos escolares del partido de San Pedro.<\/p>\n","protected":false},"excerpt":{"rendered":"<p>En el marco del 40\u00ba aniversario del Centro de Educaci\u00f3n F\u00edsica (CEF) se llevar\u00e1 a cabo la ya tradicional competencia atl\u00e9tica \u201cSan Pedro Corre\u201d el pr\u00f3ximo 16 de septiembre en el Paseo P\u00fablico Municipal. Ya est\u00e1 abierta la inscripci\u00f3n. Las categor\u00edas son: -Hasta 29 a\u00f1os -De 30 a 39 -De 40 a 49 -Mayores de [&hellip;]<\/p>\n","protected":false},"author":4,"featured_media":39677,"comment_status":"open","ping_status":"closed","sticky":false,"template":"","format":"standard","meta":{"om_disable_all_campaigns":false,"_jetpack_memberships_contains_paid_content":false,"footnotes":""},"categories":[5],"tags":[],"class_list":["post-39675","post","type-post","status-publish","format-standard","has-post-thumbnail","hentry","category-deportes"],"aioseo_notices":[],"gutentor_comment":0,"jetpack_featured_media_url":"https:\/\/eldiariodesanpedro.com.ar\/sitio\/wp-content\/uploads\/2018\/09\/Un-buen-marco-para-el-encuentro-en-el-CEF.jpg","jetpack_shortlink":"https:\/\/wp.me\/p6RhLt-ajV","jetpack_sharing_enabled":true,"_links":{"self":[{"href":"https:\/\/eldiariodesanpedro.com.ar\/sitio\/wp-json\/wp\/v2\/posts\/39675","targetHints":{"allow":["GET"]}}],"collection":[{"href":"https:\/\/eldiariodesanpedro.com.ar\/sitio\/wp-json\/wp\/v2\/posts"}],"about":[{"href":"https:\/\/eldiariodesanpedro.com.ar\/sitio\/wp-json\/wp\/v2\/types\/post"}],"author":[{"embeddable":true,"href":"https:\/\/eldiariodesanpedro.com.ar\/sitio\/wp-json\/wp\/v2\/users\/4"}],"replies":[{"embeddable":true,"href":"https:\/\/eldiariodesanpedro.com.ar\/sitio\/wp-json\/wp\/v2\/comments?post=39675"}],"version-history":[{"count":1,"href":"https:\/\/eldiariodesanpedro.com.ar\/sitio\/wp-json\/wp\/v2\/posts\/39675\/revisions"}],"predecessor-version":[{"id":39678,"href":"https:\/\/eldiariodesanpedro.com.ar\/sitio\/wp-json\/wp\/v2\/posts\/39675\/revisions\/39678"}],"wp:featuredmedia":[{"embeddable":true,"href":"https:\/\/eldiariodesanpedro.com.ar\/sitio\/wp-json\/wp\/v2\/media\/39677"}],"wp:attachment":[{"href":"https:\/\/eldiariodesanpedro.com.ar\/sitio\/wp-json\/wp\/v2\/media?parent=39675"}],"wp:term":[{"taxonomy":"category","embeddable":true,"href":"https:\/\/eldiariodesanpedro.com.ar\/sitio\/wp-json\/wp\/v2\/categories?post=39675"},{"taxonomy":"post_tag","embeddable":true,"href":"https:\/\/eldiariodesanpedro.com.ar\/sitio\/wp-json\/wp\/v2\/tags?post=39675"}],"curies":[{"name":"wp","href":"https:\/\/api.w.org\/{rel}","templated":true}]}}